{"id":63540,"date":"2019-05-03T11:04:27","date_gmt":"2019-05-03T14:04:27","guid":{"rendered":"https:\/\/www.cordobatimes.com\/showup\/?p=63540"},"modified":"2019-05-03T11:04:27","modified_gmt":"2019-05-03T14:04:27","slug":"los-looks-de-los-premios-billboard-music-awards-2019","status":"publish","type":"post","link":"https:\/\/www.cordobatimes.com\/showup\/moda-y-estilos\/2019\/05\/03\/los-looks-de-los-premios-billboard-music-awards-2019\/","title":{"rendered":"Los  looks de los Premios Billboard Music Awards 2019"},"content":{"rendered":"<p>Los brillos y los metalizados, fuerte tendencia en este oto\u00f1o-invierno 2019, fueron protagonistas. Hubo vestidos cortos, largos e incluso quienes optaron por distintas versiones de trajes sastre. Record\u00e1 que los blazers (m\u00e1s a\u00fan de oversized) son tambi\u00e9n un <em>must<\/em>\u00a0de esta temporada.<\/p>\n<p><iframe loading=\"lazy\" width=\"560\" height=\"315\" src=\"https:\/\/www.youtube.com\/embed\/3Ovr17kS-ME\" frameborder=\"0\" allow=\"accelerometer; autoplay; encrypted-media; gyroscope; picture-in-picture\" allowfullscreen><\/iframe><\/p>\n","protected":false},"excerpt":{"rendered":"<p>Los brillos y los metalizados, fuerte tendencia en este oto\u00f1o-invierno 2019, fueron protagonistas. Hubo vestidos cortos, largos e incluso quienes optaron por distintas versiones de trajes sastre. Record\u00e1 que los blazers (m\u00e1s a\u00fan de oversized) son tambi\u00e9n un must\u00a0de esta temporada.<\/p>\n","protected":false},"author":1,"featured_media":63541,"comment_status":"closed","ping_status":"closed","sticky":false,"template":"","format":"standard","meta":{"_seopress_robots_primary_cat":"","_seopress_titles_title":"","_seopress_titles_desc":"","_seopress_robots_index":"","footnotes":""},"categories":[228],"tags":[23628],"class_list":{"0":"post-63540","1":"post","2":"type-post","3":"status-publish","4":"format-standard","5":"has-post-thumbnail","7":"category-moda-y-estilos","8":"tag-moda-de-los-billboard-music-awards-2019"},"_links":{"self":[{"href":"https:\/\/www.cordobatimes.com\/showup\/wp-json\/wp\/v2\/posts\/63540","targetHints":{"allow":["GET"]}}],"collection":[{"href":"https:\/\/www.cordobatimes.com\/showup\/wp-json\/wp\/v2\/posts"}],"about":[{"href":"https:\/\/www.cordobatimes.com\/showup\/wp-json\/wp\/v2\/types\/post"}],"author":[{"embeddable":true,"href":"https:\/\/www.cordobatimes.com\/showup\/wp-json\/wp\/v2\/users\/1"}],"replies":[{"embeddable":true,"href":"https:\/\/www.cordobatimes.com\/showup\/wp-json\/wp\/v2\/comments?post=63540"}],"version-history":[{"count":0,"href":"https:\/\/www.cordobatimes.com\/showup\/wp-json\/wp\/v2\/posts\/63540\/revisions"}],"wp:featuredmedia":[{"embeddable":true,"href":"https:\/\/www.cordobatimes.com\/showup\/wp-json\/wp\/v2\/media\/63541"}],"wp:attachment":[{"href":"https:\/\/www.cordobatimes.com\/showup\/wp-json\/wp\/v2\/media?parent=63540"}],"wp:term":[{"taxonomy":"category","embeddable":true,"href":"https:\/\/www.cordobatimes.com\/showup\/wp-json\/wp\/v2\/categories?post=63540"},{"taxonomy":"post_tag","embeddable":true,"href":"https:\/\/www.cordobatimes.com\/showup\/wp-json\/wp\/v2\/tags?post=63540"}],"curies":[{"name":"wp","href":"https:\/\/api.w.org\/{rel}","templated":true}]}}