{"id":63443,"date":"2019-04-26T11:56:04","date_gmt":"2019-04-26T14:56:04","guid":{"rendered":"https:\/\/www.cordobatimes.com\/showup\/?p=63443"},"modified":"2019-04-26T11:56:04","modified_gmt":"2019-04-26T14:56:04","slug":"rami-malek-sera-el-villano-en-la-nueva-pelicula-de-la-saga-james-bond","status":"publish","type":"post","link":"https:\/\/www.cordobatimes.com\/showup\/cine-y-series\/2019\/04\/26\/rami-malek-sera-el-villano-en-la-nueva-pelicula-de-la-saga-james-bond\/","title":{"rendered":"Rami Malek ser\u00e1 el villano en la nueva pel\u00edcula de la saga James Bond"},"content":{"rendered":"<h3><strong>Sony junto a MGM presentaron a los actores que acompa\u00f1ar\u00e1n a Daniel Craig, en su quinta aventura en la piel de James Bond.<\/strong><\/h3>\n<p>La nueva pel\u00edcula de James Bond (Bond 25) ya tiene actores confirmados, y en el casting destacan adem\u00e1s del protag\u00f3nico en manos del actor brit\u00e1nico Daniel Craig, Ralph Fiennes, L\u00e9a Seydoux, Ben Whishaw, Naomie Harris, Rory Kinnear y Jeffrey Wright.<\/p>\n<p>Pero sin dudas la gran incorporaci\u00f3n es la del actor Rami Malek, que tendr\u00e1 a cargo el papel del villano tras ganar el \u00d3scar por su interpretaci\u00f3n de Freddie Mercury en Bohemian Rhapsody.<\/p>\n<p>\u00abMe asegurar\u00e9 de que el se\u00f1or Bond no la tenga f\u00e1cil en su aventura n\u00famero 25\u00bb, dice Malek en el video de anuncio.<\/p>\n<blockquote class=\"twitter-tweet\">\n<p dir=\"ltr\" lang=\"en\">A word about <a href=\"https:\/\/twitter.com\/hashtag\/BOND25?src=hash&amp;ref_src=twsrc%5Etfw\">#BOND25<\/a> from Rami Malek <a href=\"https:\/\/t.co\/CLJ5mpO9mu\">pic.twitter.com\/CLJ5mpO9mu<\/a><\/p>\n<p>\u2014 James Bond (@007) <a href=\"https:\/\/twitter.com\/007\/status\/1121391113502433282?ref_src=twsrc%5Etfw\">April 25, 2019<\/a><\/p><\/blockquote>\n<p><script async src=\"https:\/\/platform.twitter.com\/widgets.js\" charset=\"utf-8\"><\/script><\/p>\n<p>La nueva entrega de la popular saga estar\u00e1 a cargo del director Cary Fukunaga (que reemplaz\u00f3 a Danny Boyle). As\u00ed queda el casting completo de cara al estreno, previsto para el 8 de abril de 2020:<\/p>\n<blockquote class=\"twitter-tweet\">\n<p dir=\"ltr\" lang=\"en\">We\u2019ve been expecting you. 007 himself, Daniel Craig, is at the <a href=\"https:\/\/twitter.com\/hashtag\/BOND25?src=hash&amp;ref_src=twsrc%5Etfw\">#BOND25<\/a> Live Reveal in Jamaica <a href=\"https:\/\/t.co\/F6KLGA9X5s\">pic.twitter.com\/F6KLGA9X5s<\/a><\/p>\n<p>\u2014 James Bond (@007) <a href=\"https:\/\/twitter.com\/007\/status\/1121390375111933953?ref_src=twsrc%5Etfw\">April 25, 2019<\/a><\/p><\/blockquote>\n<p><script async src=\"https:\/\/platform.twitter.com\/widgets.js\" charset=\"utf-8\"><\/script><\/p>\n<blockquote class=\"twitter-tweet\">\n<p dir=\"ltr\" lang=\"en\">Back for his third 007 outing after SKYFALL and SPECTRE is cat-loving Q, Ben Whishaw <a href=\"https:\/\/twitter.com\/hashtag\/BOND25?src=hash&amp;ref_src=twsrc%5Etfw\">#BOND25<\/a> <a href=\"https:\/\/t.co\/urSlK2a6Dm\">pic.twitter.com\/urSlK2a6Dm<\/a><\/p>\n<p>\u2014 James Bond (@007) <a href=\"https:\/\/twitter.com\/007\/status\/1121389387504332800?ref_src=twsrc%5Etfw\">April 25, 2019<\/a><\/p><\/blockquote>\n<p><script async src=\"https:\/\/platform.twitter.com\/widgets.js\" charset=\"utf-8\"><\/script><\/p>\n<blockquote class=\"twitter-tweet\">\n<p dir=\"ltr\" lang=\"en\">CONFIRMED returning to MI6 for <a href=\"https:\/\/twitter.com\/hashtag\/BOND25?src=hash&amp;ref_src=twsrc%5Etfw\">#BOND25<\/a> is Rory Kinnear as Bond\u2019s stalwart ally, Tanner. <a href=\"https:\/\/twitter.com\/hashtag\/BOND25?src=hash&amp;ref_src=twsrc%5Etfw\">#BOND25<\/a> <a href=\"https:\/\/t.co\/QVeZhQkyoL\">pic.twitter.com\/QVeZhQkyoL<\/a><\/p>\n<p>\u2014 James Bond (@007) <a href=\"https:\/\/twitter.com\/007\/status\/1121389274803339265?ref_src=twsrc%5Etfw\">April 25, 2019<\/a><\/p><\/blockquote>\n<p><script async src=\"https:\/\/platform.twitter.com\/widgets.js\" charset=\"utf-8\"><\/script><\/p>\n<blockquote class=\"twitter-tweet\">\n<p dir=\"ltr\" lang=\"en\">Making sure 007 doesn\u2019t cock it up, Ralph Fiennes returns for another mission as M in <a href=\"https:\/\/twitter.com\/hashtag\/BOND25?src=hash&amp;ref_src=twsrc%5Etfw\">#BOND25<\/a> <a href=\"https:\/\/t.co\/QXShg1VnBd\">pic.twitter.com\/QXShg1VnBd<\/a><\/p>\n<p>\u2014 James Bond (@007) <a href=\"https:\/\/twitter.com\/007\/status\/1121389194562146304?ref_src=twsrc%5Etfw\">April 25, 2019<\/a><\/p><\/blockquote>\n<p><script async src=\"https:\/\/platform.twitter.com\/widgets.js\" charset=\"utf-8\"><\/script><\/p>\n<blockquote class=\"twitter-tweet\">\n<p dir=\"ltr\" lang=\"en\">We welcome Dali Benssalah to <a href=\"https:\/\/twitter.com\/hashtag\/BOND25?src=hash&amp;ref_src=twsrc%5Etfw\">#BOND25<\/a> <a href=\"https:\/\/t.co\/4UjTbWPt5U\">pic.twitter.com\/4UjTbWPt5U<\/a><\/p>\n<p>\u2014 James Bond (@007) <a href=\"https:\/\/twitter.com\/007\/status\/1121390737369849856?ref_src=twsrc%5Etfw\">April 25, 2019<\/a><\/p><\/blockquote>\n<p><script async src=\"https:\/\/platform.twitter.com\/widgets.js\" charset=\"utf-8\"><\/script><\/p>\n<blockquote class=\"twitter-tweet\">\n<p dir=\"ltr\" lang=\"en\">Joining the cast of <a href=\"https:\/\/twitter.com\/hashtag\/BOND25?src=hash&amp;ref_src=twsrc%5Etfw\">#BOND25<\/a> is Lashana Lynch (<a href=\"https:\/\/twitter.com\/LashanaLynch?ref_src=twsrc%5Etfw\">@LashanaLynch<\/a>) <a href=\"https:\/\/t.co\/SyMGsKtH4S\">pic.twitter.com\/SyMGsKtH4S<\/a><\/p>\n<p>\u2014 James Bond (@007) <a href=\"https:\/\/twitter.com\/007\/status\/1121390027026653185?ref_src=twsrc%5Etfw\">April 25, 2019<\/a><\/p><\/blockquote>\n<p><script async src=\"https:\/\/platform.twitter.com\/widgets.js\" charset=\"utf-8\"><\/script><\/p>\n<blockquote class=\"twitter-tweet\">\n<p dir=\"ltr\" lang=\"en\">CONFIRMED Billy Magnussen (<a href=\"https:\/\/twitter.com\/BillyMagnussen?ref_src=twsrc%5Etfw\">@BillyMagnussen<\/a>) has joined the cast of <a href=\"https:\/\/twitter.com\/hashtag\/Bond25?src=hash&amp;ref_src=twsrc%5Etfw\">#Bond25<\/a> <a href=\"https:\/\/t.co\/i5i5o4IPpU\">pic.twitter.com\/i5i5o4IPpU<\/a><\/p>\n<p>\u2014 James Bond (@007) <a href=\"https:\/\/twitter.com\/007\/status\/1121389798164520960?ref_src=twsrc%5Etfw\">April 25, 2019<\/a><\/p><\/blockquote>\n<p><script async src=\"https:\/\/platform.twitter.com\/widgets.js\" charset=\"utf-8\"><\/script><\/p>\n<blockquote class=\"twitter-tweet\">\n<p dir=\"ltr\" lang=\"de\">Also in <a href=\"https:\/\/twitter.com\/hashtag\/BOND25?src=hash&amp;ref_src=twsrc%5Etfw\">#BOND25<\/a> will be David Dencik <a href=\"https:\/\/t.co\/rMFrYUImzF\">pic.twitter.com\/rMFrYUImzF<\/a><\/p>\n<p>\u2014 James Bond (@007) <a href=\"https:\/\/twitter.com\/007\/status\/1121389921791631360?ref_src=twsrc%5Etfw\">April 25, 2019<\/a><\/p><\/blockquote>\n<p><script async src=\"https:\/\/platform.twitter.com\/widgets.js\" charset=\"utf-8\"><\/script><\/p>\n<blockquote class=\"twitter-tweet\">\n<p dir=\"ltr\" lang=\"en\">A warm welcome to Ana De Armas (<a href=\"https:\/\/twitter.com\/Ana_d_Armas?ref_src=twsrc%5Etfw\">@Ana_d_Armas<\/a>) who joins <a href=\"https:\/\/twitter.com\/hashtag\/BOND25?src=hash&amp;ref_src=twsrc%5Etfw\">#BOND25<\/a> <a href=\"https:\/\/t.co\/qD2RZiIlIl\">pic.twitter.com\/qD2RZiIlIl<\/a><\/p>\n<p>\u2014 James Bond (@007) <a href=\"https:\/\/twitter.com\/007\/status\/1121389856184254464?ref_src=twsrc%5Etfw\">April 25, 2019<\/a><\/p><\/blockquote>\n<p><script async src=\"https:\/\/platform.twitter.com\/widgets.js\" charset=\"utf-8\"><\/script><\/p>\n","protected":false},"excerpt":{"rendered":"<p>Sony junto a MGM presentaron a los actores que acompa\u00f1ar\u00e1n a Daniel Craig, en su quinta aventura en la piel de James Bond. La nueva pel\u00edcula de James Bond (Bond 25) ya tiene actores confirmados, y en el casting destacan adem\u00e1s del protag\u00f3nico en manos del actor brit\u00e1nico Daniel Craig, Ralph Fiennes, L\u00e9a Seydoux, Ben [&hellip;]<\/p>\n","protected":false},"author":1,"featured_media":63444,"comment_status":"closed","ping_status":"closed","sticky":false,"template":"","format":"standard","meta":{"_seopress_robots_primary_cat":"","_seopress_titles_title":"","_seopress_titles_desc":"","_seopress_robots_index":"","footnotes":""},"categories":[3],"tags":[23591,23589,23590],"class_list":{"0":"post-63443","1":"post","2":"type-post","3":"status-publish","4":"format-standard","5":"has-post-thumbnail","7":"category-cine-y-series","8":"tag-bond-25","9":"tag-nueva-pelicula-de-la-saga-james-bond","10":"tag-saga-james-bond"},"_links":{"self":[{"href":"https:\/\/www.cordobatimes.com\/showup\/wp-json\/wp\/v2\/posts\/63443","targetHints":{"allow":["GET"]}}],"collection":[{"href":"https:\/\/www.cordobatimes.com\/showup\/wp-json\/wp\/v2\/posts"}],"about":[{"href":"https:\/\/www.cordobatimes.com\/showup\/wp-json\/wp\/v2\/types\/post"}],"author":[{"embeddable":true,"href":"https:\/\/www.cordobatimes.com\/showup\/wp-json\/wp\/v2\/users\/1"}],"replies":[{"embeddable":true,"href":"https:\/\/www.cordobatimes.com\/showup\/wp-json\/wp\/v2\/comments?post=63443"}],"version-history":[{"count":0,"href":"https:\/\/www.cordobatimes.com\/showup\/wp-json\/wp\/v2\/posts\/63443\/revisions"}],"wp:featuredmedia":[{"embeddable":true,"href":"https:\/\/www.cordobatimes.com\/showup\/wp-json\/wp\/v2\/media\/63444"}],"wp:attachment":[{"href":"https:\/\/www.cordobatimes.com\/showup\/wp-json\/wp\/v2\/media?parent=63443"}],"wp:term":[{"taxonomy":"category","embeddable":true,"href":"https:\/\/www.cordobatimes.com\/showup\/wp-json\/wp\/v2\/categories?post=63443"},{"taxonomy":"post_tag","embeddable":true,"href":"https:\/\/www.cordobatimes.com\/showup\/wp-json\/wp\/v2\/tags?post=63443"}],"curies":[{"name":"wp","href":"https:\/\/api.w.org\/{rel}","templated":true}]}}