{"id":63304,"date":"2019-04-25T17:31:14","date_gmt":"2019-04-25T20:31:14","guid":{"rendered":"https:\/\/www.cordobatimes.com\/showup\/?p=63304"},"modified":"2022-10-31T22:14:13","modified_gmt":"2022-11-01T01:14:13","slug":"todas-las-figuras-que-participaran-en-showmatch","status":"publish","type":"post","link":"https:\/\/www.cordobatimes.com\/showup\/tv\/2019\/04\/25\/todas-las-figuras-que-participaran-en-showmatch\/","title":{"rendered":"Todas las figuras que participar\u00e1n en ShowMatch"},"content":{"rendered":"<h3><strong>Las fotos oficiales de todas las parejas del certamen y los respectivos jurados de los concursos de la temporada 30.<\/strong><\/h3>\n<p>El regreso \u201cShowMatch\u201d est\u00e1 al caer, la presentaci\u00f3n del programa de Marcelo Tinelli ser\u00e1 el 29 de abril, a las 22:30 por El Trece. Pero esta temporada no ser\u00e1 una m\u00e1s, sino la n\u00famero 30 del hist\u00f3rico programa.<\/p>\n<p>A diferencia de otras ediciones, habr\u00e1 dos formatos, ya que al \u201cS\u00faper Bailando\u201d se le agregar\u00e1 \u201cGenios de la Argentina\u201d. La apertura musical contar\u00e1 con un despliegue de 60 bailarines en escena, 17 cantantes mujeres y coreograf\u00edas que recrear\u00e1n el 30\u00b0 aniversario del programa.<\/p>\n<p>Apelando a la nostalgia, las cantantes repasar\u00e1n los temas musicales que fueron apertura y cierre de Showmatch a trav\u00e9s de los a\u00f1os.<\/p>\n<p>Habr\u00e1 recreaciones de los sketches inolvidables, como Deportes en el Recuerdo (con Pablo Granados y Pachu Pe\u00f1a), El Insoportable (Jos\u00e9 Mar\u00eda Listorti y Diego P\u00e9rez), los Taxi Boys y un tributo al fallecido Leo Rosenwasser, adem\u00e1s de algunas sorpresas.<\/p>\n<p>Aqu\u00ed, las fotos oficiales de todas las parejas del certamen de baile y los respectivos jurados de los concursos:<\/p>\n<p><img alt=\"\" loading=\"lazy\" decoding=\"async\" class=\"alignnone size-full wp-image-63307\" src=\"https:\/\/www.cordobatimes.com\/showup\/wp-content\/uploads\/2019\/04\/Nombre-9.jpg\" alt=\"\" width=\"715\" height=\"574\" srcset=\"https:\/\/www.cordobatimes.com\/showup\/wp-content\/uploads\/2019\/04\/Nombre-9.jpg 715w, https:\/\/www.cordobatimes.com\/showup\/wp-content\/uploads\/2019\/04\/Nombre-9-523x420.jpg 523w, https:\/\/www.cordobatimes.com\/showup\/wp-content\/uploads\/2019\/04\/Nombre-9-696x559.jpg 696w\" sizes=\"auto, (max-width: 715px) 100vw, 715px\" \/><\/p>\n<p>Marcelo Polino, Florencia Pe\u00f1a, Pampita y \u00c1ngel de Brito ser\u00e1n los jurados del \u201cS\u00faper Bailando 2019\u201d<\/p>\n<p><img alt=\"\" loading=\"lazy\" decoding=\"async\" class=\"alignnone size-full wp-image-63308\" src=\"https:\/\/www.cordobatimes.com\/showup\/wp-content\/uploads\/2019\/04\/Nombre-10.jpg\" alt=\"\" width=\"687\" height=\"580\" srcset=\"https:\/\/www.cordobatimes.com\/showup\/wp-content\/uploads\/2019\/04\/Nombre-10.jpg 687w, https:\/\/www.cordobatimes.com\/showup\/wp-content\/uploads\/2019\/04\/Nombre-10-497x420.jpg 497w\" sizes=\"auto, (max-width: 687px) 100vw, 687px\" \/><\/p>\n<p>Flavio Mendoza, Laura Fidalgo y An\u00edbal Pachano ser\u00e1n los encargados del BAR<\/p>\n<p><img alt=\"\" loading=\"lazy\" decoding=\"async\" class=\"alignnone size-full wp-image-63309\" src=\"https:\/\/www.cordobatimes.com\/showup\/wp-content\/uploads\/2019\/04\/Nombre-11.jpg\" alt=\"\" width=\"671\" height=\"578\" srcset=\"https:\/\/www.cordobatimes.com\/showup\/wp-content\/uploads\/2019\/04\/Nombre-11.jpg 671w, https:\/\/www.cordobatimes.com\/showup\/wp-content\/uploads\/2019\/04\/Nombre-11-488x420.jpg 488w\" sizes=\"auto, (max-width: 671px) 100vw, 671px\" \/><\/p>\n<p>Tinelli junto al jurado de \u201cGenios de la Argentina\u201d: Joaqu\u00edn Gal\u00e1n, Valeria Lynch, Patricia Sosa y Luc\u00eda Gal\u00e1n.<\/p>\n<p><strong>Flor de la V y Gabo Usandivaras\u00a0<\/strong><\/p>\n<p><img alt=\"\" loading=\"lazy\" decoding=\"async\" class=\"alignnone size-full wp-image-63400\" src=\"https:\/\/www.cordobatimes.com\/showup\/wp-content\/uploads\/2019\/04\/20190425123755_37384043_0_body-768x1152.jpg\" alt=\"\" width=\"768\" height=\"1152\" srcset=\"https:\/\/www.cordobatimes.com\/showup\/wp-content\/uploads\/2019\/04\/20190425123755_37384043_0_body-768x1152.jpg 768w, https:\/\/www.cordobatimes.com\/showup\/wp-content\/uploads\/2019\/04\/20190425123755_37384043_0_body-768x1152-280x420.jpg 280w, https:\/\/www.cordobatimes.com\/showup\/wp-content\/uploads\/2019\/04\/20190425123755_37384043_0_body-768x1152-683x1024.jpg 683w, https:\/\/www.cordobatimes.com\/showup\/wp-content\/uploads\/2019\/04\/20190425123755_37384043_0_body-768x1152-696x1044.jpg 696w\" sizes=\"auto, (max-width: 768px) 100vw, 768px\" \/><\/p>\n<p><strong>Nicol\u00e1s Villalba y Griselda Siciliani<\/strong><\/p>\n<p>&nbsp;<\/p>\n<p><img alt=\"\" loading=\"lazy\" decoding=\"async\" class=\"alignnone size-full wp-image-63401\" src=\"https:\/\/www.cordobatimes.com\/showup\/wp-content\/uploads\/2019\/04\/20190425123757_37384041_0_body-768x1152.jpg\" alt=\"\" width=\"768\" height=\"1152\" srcset=\"https:\/\/www.cordobatimes.com\/showup\/wp-content\/uploads\/2019\/04\/20190425123757_37384041_0_body-768x1152.jpg 768w, https:\/\/www.cordobatimes.com\/showup\/wp-content\/uploads\/2019\/04\/20190425123757_37384041_0_body-768x1152-280x420.jpg 280w, https:\/\/www.cordobatimes.com\/showup\/wp-content\/uploads\/2019\/04\/20190425123757_37384041_0_body-768x1152-683x1024.jpg 683w, https:\/\/www.cordobatimes.com\/showup\/wp-content\/uploads\/2019\/04\/20190425123757_37384041_0_body-768x1152-696x1044.jpg 696w\" sizes=\"auto, (max-width: 768px) 100vw, 768px\" \/><\/p>\n<p>&nbsp;<\/p>\n<p><strong>Fede Bal y Lourdes S\u00e1nchez<\/strong><\/p>\n<p><img alt=\"\" loading=\"lazy\" decoding=\"async\" class=\"alignnone size-full wp-image-63402\" src=\"https:\/\/www.cordobatimes.com\/showup\/wp-content\/uploads\/2019\/04\/20190425123759_37384053_0_body-768x1152.jpg\" alt=\"\" width=\"768\" height=\"1152\" srcset=\"https:\/\/www.cordobatimes.com\/showup\/wp-content\/uploads\/2019\/04\/20190425123759_37384053_0_body-768x1152.jpg 768w, https:\/\/www.cordobatimes.com\/showup\/wp-content\/uploads\/2019\/04\/20190425123759_37384053_0_body-768x1152-280x420.jpg 280w, https:\/\/www.cordobatimes.com\/showup\/wp-content\/uploads\/2019\/04\/20190425123759_37384053_0_body-768x1152-683x1024.jpg 683w, https:\/\/www.cordobatimes.com\/showup\/wp-content\/uploads\/2019\/04\/20190425123759_37384053_0_body-768x1152-696x1044.jpg 696w\" sizes=\"auto, (max-width: 768px) 100vw, 768px\" \/><\/p>\n<p><strong>Felipe Colombo y Stefi Roitman\u00a0<\/strong><\/p>\n<p><img alt=\"\" loading=\"lazy\" decoding=\"async\" class=\"alignnone size-full wp-image-63403\" src=\"https:\/\/www.cordobatimes.com\/showup\/wp-content\/uploads\/2019\/04\/20190425123801_37384052_0_body-768x1152.jpg\" alt=\"\" width=\"768\" height=\"1152\" srcset=\"https:\/\/www.cordobatimes.com\/showup\/wp-content\/uploads\/2019\/04\/20190425123801_37384052_0_body-768x1152.jpg 768w, https:\/\/www.cordobatimes.com\/showup\/wp-content\/uploads\/2019\/04\/20190425123801_37384052_0_body-768x1152-280x420.jpg 280w, https:\/\/www.cordobatimes.com\/showup\/wp-content\/uploads\/2019\/04\/20190425123801_37384052_0_body-768x1152-683x1024.jpg 683w, https:\/\/www.cordobatimes.com\/showup\/wp-content\/uploads\/2019\/04\/20190425123801_37384052_0_body-768x1152-696x1044.jpg 696w\" sizes=\"auto, (max-width: 768px) 100vw, 768px\" \/><\/p>\n<p><strong>Sof\u00eda Pachano y Dan Breitman<\/strong><\/p>\n<p><img alt=\"\" loading=\"lazy\" decoding=\"async\" class=\"alignnone size-full wp-image-63404\" src=\"https:\/\/www.cordobatimes.com\/showup\/wp-content\/uploads\/2019\/04\/20190425123804_37384057_0_body-768x1152.jpg\" alt=\"\" width=\"768\" height=\"1152\" srcset=\"https:\/\/www.cordobatimes.com\/showup\/wp-content\/uploads\/2019\/04\/20190425123804_37384057_0_body-768x1152.jpg 768w, https:\/\/www.cordobatimes.com\/showup\/wp-content\/uploads\/2019\/04\/20190425123804_37384057_0_body-768x1152-280x420.jpg 280w, https:\/\/www.cordobatimes.com\/showup\/wp-content\/uploads\/2019\/04\/20190425123804_37384057_0_body-768x1152-683x1024.jpg 683w, https:\/\/www.cordobatimes.com\/showup\/wp-content\/uploads\/2019\/04\/20190425123804_37384057_0_body-768x1152-696x1044.jpg 696w\" sizes=\"auto, (max-width: 768px) 100vw, 768px\" \/><\/p>\n<p><strong>Lola Latorre y Facundo Ins\u00faa\u00a0<\/strong><\/p>\n<p><img alt=\"\" loading=\"lazy\" decoding=\"async\" class=\"alignnone size-full wp-image-63405\" src=\"https:\/\/www.cordobatimes.com\/showup\/wp-content\/uploads\/2019\/04\/20190425123808_37384048_0_body-768x1152-1.jpg\" alt=\"\" width=\"768\" height=\"1152\" srcset=\"https:\/\/www.cordobatimes.com\/showup\/wp-content\/uploads\/2019\/04\/20190425123808_37384048_0_body-768x1152-1.jpg 768w, https:\/\/www.cordobatimes.com\/showup\/wp-content\/uploads\/2019\/04\/20190425123808_37384048_0_body-768x1152-1-280x420.jpg 280w, https:\/\/www.cordobatimes.com\/showup\/wp-content\/uploads\/2019\/04\/20190425123808_37384048_0_body-768x1152-1-683x1024.jpg 683w, https:\/\/www.cordobatimes.com\/showup\/wp-content\/uploads\/2019\/04\/20190425123808_37384048_0_body-768x1152-1-696x1044.jpg 696w\" sizes=\"auto, (max-width: 768px) 100vw, 768px\" \/><\/p>\n<p><strong>Luciana Salazar y Gonzalo Gerber\u00a0<\/strong><\/p>\n<p><img alt=\"\" loading=\"lazy\" decoding=\"async\" class=\"alignnone size-full wp-image-63406\" src=\"https:\/\/www.cordobatimes.com\/showup\/wp-content\/uploads\/2019\/04\/20190425123810_37384047_0_body-768x1152.jpg\" alt=\"\" width=\"768\" height=\"1152\" srcset=\"https:\/\/www.cordobatimes.com\/showup\/wp-content\/uploads\/2019\/04\/20190425123810_37384047_0_body-768x1152.jpg 768w, https:\/\/www.cordobatimes.com\/showup\/wp-content\/uploads\/2019\/04\/20190425123810_37384047_0_body-768x1152-280x420.jpg 280w, https:\/\/www.cordobatimes.com\/showup\/wp-content\/uploads\/2019\/04\/20190425123810_37384047_0_body-768x1152-683x1024.jpg 683w, https:\/\/www.cordobatimes.com\/showup\/wp-content\/uploads\/2019\/04\/20190425123810_37384047_0_body-768x1152-696x1044.jpg 696w\" sizes=\"auto, (max-width: 768px) 100vw, 768px\" \/><\/p>\n<p><strong>Flor Vigna y Facundo Mazzei\u00a0<\/strong><\/p>\n<p><img alt=\"\" loading=\"lazy\" decoding=\"async\" class=\"alignnone size-full wp-image-63407\" src=\"https:\/\/www.cordobatimes.com\/showup\/wp-content\/uploads\/2019\/04\/20190425123812_37384044_0_body-768x1152-1.jpg\" alt=\"\" width=\"768\" height=\"1152\" srcset=\"https:\/\/www.cordobatimes.com\/showup\/wp-content\/uploads\/2019\/04\/20190425123812_37384044_0_body-768x1152-1.jpg 768w, https:\/\/www.cordobatimes.com\/showup\/wp-content\/uploads\/2019\/04\/20190425123812_37384044_0_body-768x1152-1-280x420.jpg 280w, https:\/\/www.cordobatimes.com\/showup\/wp-content\/uploads\/2019\/04\/20190425123812_37384044_0_body-768x1152-1-683x1024.jpg 683w, https:\/\/www.cordobatimes.com\/showup\/wp-content\/uploads\/2019\/04\/20190425123812_37384044_0_body-768x1152-1-696x1044.jpg 696w\" sizes=\"auto, (max-width: 768px) 100vw, 768px\" \/><\/p>\n<p><strong>Florencia Torrente y Nacho Saraceni\u00a0<\/strong><\/p>\n<p><img alt=\"\" loading=\"lazy\" decoding=\"async\" class=\"alignnone size-full wp-image-63408\" src=\"https:\/\/www.cordobatimes.com\/showup\/wp-content\/uploads\/2019\/04\/20190425123815_37384049_0_body-768x1152-1.jpg\" alt=\"\" width=\"768\" height=\"1152\" srcset=\"https:\/\/www.cordobatimes.com\/showup\/wp-content\/uploads\/2019\/04\/20190425123815_37384049_0_body-768x1152-1.jpg 768w, https:\/\/www.cordobatimes.com\/showup\/wp-content\/uploads\/2019\/04\/20190425123815_37384049_0_body-768x1152-1-280x420.jpg 280w, https:\/\/www.cordobatimes.com\/showup\/wp-content\/uploads\/2019\/04\/20190425123815_37384049_0_body-768x1152-1-683x1024.jpg 683w, https:\/\/www.cordobatimes.com\/showup\/wp-content\/uploads\/2019\/04\/20190425123815_37384049_0_body-768x1152-1-696x1044.jpg 696w\" sizes=\"auto, (max-width: 768px) 100vw, 768px\" \/><\/p>\n<p><strong>Leticia Br\u00e9dice y Fer Bertona\u00a0<\/strong><\/p>\n<p><img alt=\"\" loading=\"lazy\" decoding=\"async\" class=\"alignnone size-full wp-image-63409\" src=\"https:\/\/www.cordobatimes.com\/showup\/wp-content\/uploads\/2019\/04\/20190425123818_37384056_0_body-768x1152-1.jpg\" alt=\"\" width=\"768\" height=\"1152\" srcset=\"https:\/\/www.cordobatimes.com\/showup\/wp-content\/uploads\/2019\/04\/20190425123818_37384056_0_body-768x1152-1.jpg 768w, https:\/\/www.cordobatimes.com\/showup\/wp-content\/uploads\/2019\/04\/20190425123818_37384056_0_body-768x1152-1-280x420.jpg 280w, https:\/\/www.cordobatimes.com\/showup\/wp-content\/uploads\/2019\/04\/20190425123818_37384056_0_body-768x1152-1-683x1024.jpg 683w, https:\/\/www.cordobatimes.com\/showup\/wp-content\/uploads\/2019\/04\/20190425123818_37384056_0_body-768x1152-1-696x1044.jpg 696w\" sizes=\"auto, (max-width: 768px) 100vw, 768px\" \/><\/p>\n<p><strong>Macarena Rinaldi y Hern\u00e1n Piqu\u00edn\u00a0<\/strong><\/p>\n<p><img alt=\"\" loading=\"lazy\" decoding=\"async\" class=\"alignnone size-full wp-image-63410\" src=\"https:\/\/www.cordobatimes.com\/showup\/wp-content\/uploads\/2019\/04\/20190425123821_37384050_0_body-768x1152-1.jpg\" alt=\"\" width=\"768\" height=\"1152\" srcset=\"https:\/\/www.cordobatimes.com\/showup\/wp-content\/uploads\/2019\/04\/20190425123821_37384050_0_body-768x1152-1.jpg 768w, https:\/\/www.cordobatimes.com\/showup\/wp-content\/uploads\/2019\/04\/20190425123821_37384050_0_body-768x1152-1-280x420.jpg 280w, https:\/\/www.cordobatimes.com\/showup\/wp-content\/uploads\/2019\/04\/20190425123821_37384050_0_body-768x1152-1-683x1024.jpg 683w, https:\/\/www.cordobatimes.com\/showup\/wp-content\/uploads\/2019\/04\/20190425123821_37384050_0_body-768x1152-1-696x1044.jpg 696w\" sizes=\"auto, (max-width: 768px) 100vw, 768px\" \/><\/p>\n<p><strong>Dami\u00e1n Garc\u00eda y Karina \u201cLa Princesita\u201d<\/strong><\/p>\n<p><img alt=\"\" loading=\"lazy\" decoding=\"async\" class=\"alignnone size-full wp-image-63411\" src=\"https:\/\/www.cordobatimes.com\/showup\/wp-content\/uploads\/2019\/04\/20190425123823_37384040_0_body-768x1152-1.jpg\" alt=\"\" width=\"768\" height=\"1152\" srcset=\"https:\/\/www.cordobatimes.com\/showup\/wp-content\/uploads\/2019\/04\/20190425123823_37384040_0_body-768x1152-1.jpg 768w, https:\/\/www.cordobatimes.com\/showup\/wp-content\/uploads\/2019\/04\/20190425123823_37384040_0_body-768x1152-1-280x420.jpg 280w, https:\/\/www.cordobatimes.com\/showup\/wp-content\/uploads\/2019\/04\/20190425123823_37384040_0_body-768x1152-1-683x1024.jpg 683w, https:\/\/www.cordobatimes.com\/showup\/wp-content\/uploads\/2019\/04\/20190425123823_37384040_0_body-768x1152-1-696x1044.jpg 696w\" sizes=\"auto, (max-width: 768px) 100vw, 768px\" \/><\/p>\n<h3><strong>Silvina Escudero y Johnny Lazarte<\/strong><\/h3>\n<p><img alt=\"\" loading=\"lazy\" decoding=\"async\" class=\"alignnone size-full wp-image-63412\" src=\"https:\/\/www.cordobatimes.com\/showup\/wp-content\/uploads\/2019\/04\/20190425123826_37384058_0_body-768x1152-1.jpg\" alt=\"\" width=\"768\" height=\"1152\" srcset=\"https:\/\/www.cordobatimes.com\/showup\/wp-content\/uploads\/2019\/04\/20190425123826_37384058_0_body-768x1152-1.jpg 768w, https:\/\/www.cordobatimes.com\/showup\/wp-content\/uploads\/2019\/04\/20190425123826_37384058_0_body-768x1152-1-280x420.jpg 280w, https:\/\/www.cordobatimes.com\/showup\/wp-content\/uploads\/2019\/04\/20190425123826_37384058_0_body-768x1152-1-683x1024.jpg 683w, https:\/\/www.cordobatimes.com\/showup\/wp-content\/uploads\/2019\/04\/20190425123826_37384058_0_body-768x1152-1-696x1044.jpg 696w\" sizes=\"auto, (max-width: 768px) 100vw, 768px\" \/><\/p>\n<p><strong>Cristian Ponce y Mora Godoy<\/strong><\/p>\n<p><img alt=\"\" loading=\"lazy\" decoding=\"async\" class=\"alignnone size-full wp-image-63413\" src=\"https:\/\/www.cordobatimes.com\/showup\/wp-content\/uploads\/2019\/04\/20190425123829_37384054_0_body-768x1152-1.jpg\" alt=\"\" width=\"768\" height=\"1152\" srcset=\"https:\/\/www.cordobatimes.com\/showup\/wp-content\/uploads\/2019\/04\/20190425123829_37384054_0_body-768x1152-1.jpg 768w, https:\/\/www.cordobatimes.com\/showup\/wp-content\/uploads\/2019\/04\/20190425123829_37384054_0_body-768x1152-1-280x420.jpg 280w, https:\/\/www.cordobatimes.com\/showup\/wp-content\/uploads\/2019\/04\/20190425123829_37384054_0_body-768x1152-1-683x1024.jpg 683w, https:\/\/www.cordobatimes.com\/showup\/wp-content\/uploads\/2019\/04\/20190425123829_37384054_0_body-768x1152-1-696x1044.jpg 696w\" sizes=\"auto, (max-width: 768px) 100vw, 768px\" \/><\/p>\n<p><strong>Sof\u00eda Morandi y Juli\u00e1n Serrano defender\u00e1n su t\u00edtulo<\/strong><\/p>\n<p><img alt=\"\" loading=\"lazy\" decoding=\"async\" class=\"alignnone size-full wp-image-63414\" src=\"https:\/\/www.cordobatimes.com\/showup\/wp-content\/uploads\/2019\/04\/20190425123831_37384055_0_body-768x1152-1.jpg\" alt=\"\" width=\"768\" height=\"1152\" srcset=\"https:\/\/www.cordobatimes.com\/showup\/wp-content\/uploads\/2019\/04\/20190425123831_37384055_0_body-768x1152-1.jpg 768w, https:\/\/www.cordobatimes.com\/showup\/wp-content\/uploads\/2019\/04\/20190425123831_37384055_0_body-768x1152-1-280x420.jpg 280w, https:\/\/www.cordobatimes.com\/showup\/wp-content\/uploads\/2019\/04\/20190425123831_37384055_0_body-768x1152-1-683x1024.jpg 683w, https:\/\/www.cordobatimes.com\/showup\/wp-content\/uploads\/2019\/04\/20190425123831_37384055_0_body-768x1152-1-696x1044.jpg 696w\" sizes=\"auto, (max-width: 768px) 100vw, 768px\" \/><\/p>\n","protected":false},"excerpt":{"rendered":"<p>Las fotos oficiales de todas las parejas del certamen y los respectivos jurados de los concursos de la temporada 30. El regreso \u201cShowMatch\u201d est\u00e1 al caer, la presentaci\u00f3n del programa de Marcelo Tinelli ser\u00e1 el 29 de abril, a las 22:30 por El Trece. Pero esta temporada no ser\u00e1 una m\u00e1s, sino la n\u00famero 30 [&hellip;]<\/p>\n","protected":false},"author":1,"featured_media":63418,"comment_status":"closed","ping_status":"closed","sticky":false,"template":"","format":"standard","meta":{"_seopress_robots_primary_cat":"","_seopress_titles_title":"","_seopress_titles_desc":"","_seopress_robots_index":"","footnotes":""},"categories":[477,2],"tags":[17556,23585],"class_list":{"0":"post-63304","1":"post","2":"type-post","3":"status-publish","4":"format-standard","5":"has-post-thumbnail","7":"category-showmatch","8":"category-tv","9":"tag-showmatch","10":"tag-super-bailando"},"_links":{"self":[{"href":"https:\/\/www.cordobatimes.com\/showup\/wp-json\/wp\/v2\/posts\/63304","targetHints":{"allow":["GET"]}}],"collection":[{"href":"https:\/\/www.cordobatimes.com\/showup\/wp-json\/wp\/v2\/posts"}],"about":[{"href":"https:\/\/www.cordobatimes.com\/showup\/wp-json\/wp\/v2\/types\/post"}],"author":[{"embeddable":true,"href":"https:\/\/www.cordobatimes.com\/showup\/wp-json\/wp\/v2\/users\/1"}],"replies":[{"embeddable":true,"href":"https:\/\/www.cordobatimes.com\/showup\/wp-json\/wp\/v2\/comments?post=63304"}],"version-history":[{"count":0,"href":"https:\/\/www.cordobatimes.com\/showup\/wp-json\/wp\/v2\/posts\/63304\/revisions"}],"wp:featuredmedia":[{"embeddable":true,"href":"https:\/\/www.cordobatimes.com\/showup\/wp-json\/wp\/v2\/media\/63418"}],"wp:attachment":[{"href":"https:\/\/www.cordobatimes.com\/showup\/wp-json\/wp\/v2\/media?parent=63304"}],"wp:term":[{"taxonomy":"category","embeddable":true,"href":"https:\/\/www.cordobatimes.com\/showup\/wp-json\/wp\/v2\/categories?post=63304"},{"taxonomy":"post_tag","embeddable":true,"href":"https:\/\/www.cordobatimes.com\/showup\/wp-json\/wp\/v2\/tags?post=63304"}],"curies":[{"name":"wp","href":"https:\/\/api.w.org\/{rel}","templated":true}]}}