{"id":63301,"date":"2019-04-25T12:22:40","date_gmt":"2019-04-25T15:22:40","guid":{"rendered":"https:\/\/www.cordobatimes.com\/showup\/?p=63301"},"modified":"2019-04-25T12:22:40","modified_gmt":"2019-04-25T15:22:40","slug":"whatsapp-no-permitira-sacar-capturas-de-pantalla-de-las-conversaciones","status":"publish","type":"post","link":"https:\/\/www.cordobatimes.com\/showup\/internet\/2019\/04\/25\/whatsapp-no-permitira-sacar-capturas-de-pantalla-de-las-conversaciones\/","title":{"rendered":"WhatsApp no permitir\u00e1 sacar capturas de pantalla de las conversaciones"},"content":{"rendered":"<h3><strong>El servicio de mensajer\u00eda busca a trav\u00e9s de esta medida de seguridad asegurar la privacidad de los usuarios.<\/strong><\/h3>\n<p>WhatsApp no permitir\u00e1 m\u00e1s las capturas de pantalla. El servicio de mensajer\u00eda trabaja en una nueva medida de seguridad que impedir\u00e1 que tanto nosotros como el receptor de nuestros mensajes podamos hacer capturas de pantalla de las conversaciones.<\/p>\n<p>La funci\u00f3n llegar\u00e1 durante las pr\u00f3ximas semanas a los tel\u00e9fonos m\u00f3vil con el sistema operativo Android, seg\u00fan public\u00f3 el sitio especializado en el mensajero WABetaInfo. Al menos no queda claro si las caracter\u00edsticas t\u00e9cnicas de iOS, el sistema operativo de los iPhone, permitir\u00eda implementar una t\u00e9cnica similar.<\/p>\n<p>La protecci\u00f3n contra pantallas de WhatsApp quedar\u00e1 activada autom\u00e1ticamente cuando a\u00f1adamos nuestra huella dactilar a la aplicaci\u00f3n. Esta medida fue anunciada recientemente como capa extra de seguridad para mantener nuestras conversaciones seguras.<\/p>\n<p>No queda claro c\u00f3mo funcionar\u00e1 este sistema cuando las conversaciones sean vistas a trav\u00e9s del cliente web de WhatsApp, bien en una computadora o en una tableta. WhatsApp no puede detectar en esos casos si el usuario est\u00e1 tomando capturas de pantalla. Tampoco bloquear\u00eda en ning\u00fan caso la captura f\u00edsica de fotograf\u00edas de la pantalla con una c\u00e1mara, por motivos obvios.<\/p>\n<p>Este tipo de movimientos deben ser vistos mejor como capas de seguridad y privacidad que nos permitan proteger de diferentes formas nuestras conversaciones.<\/p>\n","protected":false},"excerpt":{"rendered":"<p>El servicio de mensajer\u00eda busca a trav\u00e9s de esta medida de seguridad asegurar la privacidad de los usuarios. WhatsApp no permitir\u00e1 m\u00e1s las capturas de pantalla. El servicio de mensajer\u00eda trabaja en una nueva medida de seguridad que impedir\u00e1 que tanto nosotros como el receptor de nuestros mensajes podamos hacer capturas de pantalla de las [&hellip;]<\/p>\n","protected":false},"author":1,"featured_media":63302,"comment_status":"closed","ping_status":"closed","sticky":false,"template":"","format":"standard","meta":{"_seopress_robots_primary_cat":"","_seopress_titles_title":"","_seopress_titles_desc":"","_seopress_robots_index":"","footnotes":""},"categories":[22956],"tags":[23545,5674],"class_list":{"0":"post-63301","1":"post","2":"type-post","3":"status-publish","4":"format-standard","5":"has-post-thumbnail","7":"category-internet","8":"tag-capturas-de-pantalla-de-las-conversaciones","9":"tag-whatsapp"},"_links":{"self":[{"href":"https:\/\/www.cordobatimes.com\/showup\/wp-json\/wp\/v2\/posts\/63301","targetHints":{"allow":["GET"]}}],"collection":[{"href":"https:\/\/www.cordobatimes.com\/showup\/wp-json\/wp\/v2\/posts"}],"about":[{"href":"https:\/\/www.cordobatimes.com\/showup\/wp-json\/wp\/v2\/types\/post"}],"author":[{"embeddable":true,"href":"https:\/\/www.cordobatimes.com\/showup\/wp-json\/wp\/v2\/users\/1"}],"replies":[{"embeddable":true,"href":"https:\/\/www.cordobatimes.com\/showup\/wp-json\/wp\/v2\/comments?post=63301"}],"version-history":[{"count":0,"href":"https:\/\/www.cordobatimes.com\/showup\/wp-json\/wp\/v2\/posts\/63301\/revisions"}],"wp:featuredmedia":[{"embeddable":true,"href":"https:\/\/www.cordobatimes.com\/showup\/wp-json\/wp\/v2\/media\/63302"}],"wp:attachment":[{"href":"https:\/\/www.cordobatimes.com\/showup\/wp-json\/wp\/v2\/media?parent=63301"}],"wp:term":[{"taxonomy":"category","embeddable":true,"href":"https:\/\/www.cordobatimes.com\/showup\/wp-json\/wp\/v2\/categories?post=63301"},{"taxonomy":"post_tag","embeddable":true,"href":"https:\/\/www.cordobatimes.com\/showup\/wp-json\/wp\/v2\/tags?post=63301"}],"curies":[{"name":"wp","href":"https:\/\/api.w.org\/{rel}","templated":true}]}}