{"id":63298,"date":"2019-04-25T09:15:36","date_gmt":"2019-04-25T12:15:36","guid":{"rendered":"https:\/\/www.cordobatimes.com\/showup\/?p=63298"},"modified":"2019-04-26T04:04:06","modified_gmt":"2019-04-26T07:04:06","slug":"se-estreno-el-videoclip-de-madonna-junto-a-maluma","status":"publish","type":"post","link":"https:\/\/www.cordobatimes.com\/showup\/musica\/2019\/04\/25\/se-estreno-el-videoclip-de-madonna-junto-a-maluma\/","title":{"rendered":"Se estren\u00f3 el videoclip de Madonna junto a Maluma"},"content":{"rendered":"<h3><strong>Tras \u00a0varios a\u00f1os sin editar disco, la reina del pop se ali\u00f3 a la estrella latina para su \u00faltima canci\u00f3n.<\/strong><\/h3>\n<p>Madonna y Maluma presentaron\u00a0 el video de su canci\u00f3n Medell\u00edn a trav\u00e9s de las redes y planean mostrarla en vivo su canci\u00f3n en los Premios Billboard de la M\u00fasica del pr\u00f3ximo mes.<\/p>\n<p>NBC y dick clark productions anunciaron el viernes que el d\u00fao interpretar\u00e1 Medell\u00edn en el evento del 1 de mayo en Las Vegas.<\/p>\n<p>La canci\u00f3n lanzada el mi\u00e9rcoles se desprende del 14\u00ba \u00e1lbum de Madonna, Madame X, el cual saldr\u00e1 a la venta el 14 de junio.<\/p>\n<p><iframe loading=\"lazy\" src=\"https:\/\/www.youtube.com\/embed\/xAxNaLAR2to\" width=\"560\" height=\"315\" frameborder=\"0\" allowfullscreen=\"allowfullscreen\"><\/iframe><\/p>\n","protected":false},"excerpt":{"rendered":"<p>Tras \u00a0varios a\u00f1os sin editar disco, la reina del pop se ali\u00f3 a la estrella latina para su \u00faltima canci\u00f3n. Madonna y Maluma presentaron\u00a0 el video de su canci\u00f3n Medell\u00edn a trav\u00e9s de las redes y planean mostrarla en vivo su canci\u00f3n en los Premios Billboard de la M\u00fasica del pr\u00f3ximo mes. NBC y dick [&hellip;]<\/p>\n","protected":false},"author":1,"featured_media":63299,"comment_status":"closed","ping_status":"closed","sticky":false,"template":"","format":"standard","meta":{"_seopress_robots_primary_cat":"","_seopress_titles_title":"","_seopress_titles_desc":"","_seopress_robots_index":"","footnotes":""},"categories":[5],"tags":[23543,23544,3833],"class_list":{"0":"post-63298","1":"post","2":"type-post","3":"status-publish","4":"format-standard","5":"has-post-thumbnail","7":"category-musica","8":"tag-madonna-junto-a-maluma","9":"tag-madonna-y-maluma","10":"tag-medellin"},"_links":{"self":[{"href":"https:\/\/www.cordobatimes.com\/showup\/wp-json\/wp\/v2\/posts\/63298","targetHints":{"allow":["GET"]}}],"collection":[{"href":"https:\/\/www.cordobatimes.com\/showup\/wp-json\/wp\/v2\/posts"}],"about":[{"href":"https:\/\/www.cordobatimes.com\/showup\/wp-json\/wp\/v2\/types\/post"}],"author":[{"embeddable":true,"href":"https:\/\/www.cordobatimes.com\/showup\/wp-json\/wp\/v2\/users\/1"}],"replies":[{"embeddable":true,"href":"https:\/\/www.cordobatimes.com\/showup\/wp-json\/wp\/v2\/comments?post=63298"}],"version-history":[{"count":0,"href":"https:\/\/www.cordobatimes.com\/showup\/wp-json\/wp\/v2\/posts\/63298\/revisions"}],"wp:featuredmedia":[{"embeddable":true,"href":"https:\/\/www.cordobatimes.com\/showup\/wp-json\/wp\/v2\/media\/63299"}],"wp:attachment":[{"href":"https:\/\/www.cordobatimes.com\/showup\/wp-json\/wp\/v2\/media?parent=63298"}],"wp:term":[{"taxonomy":"category","embeddable":true,"href":"https:\/\/www.cordobatimes.com\/showup\/wp-json\/wp\/v2\/categories?post=63298"},{"taxonomy":"post_tag","embeddable":true,"href":"https:\/\/www.cordobatimes.com\/showup\/wp-json\/wp\/v2\/tags?post=63298"}],"curies":[{"name":"wp","href":"https:\/\/api.w.org\/{rel}","templated":true}]}}