{"id":63289,"date":"2019-04-24T08:06:40","date_gmt":"2019-04-24T11:06:40","guid":{"rendered":"https:\/\/www.cordobatimes.com\/showup\/?p=63289"},"modified":"2019-04-24T19:30:45","modified_gmt":"2019-04-24T22:30:45","slug":"tras-cancelarle-un-vuelo-deberan-pagarle-170-mil-pesos","status":"publish","type":"post","link":"https:\/\/www.cordobatimes.com\/showup\/sociedad\/2019\/04\/24\/tras-cancelarle-un-vuelo-deberan-pagarle-170-mil-pesos\/","title":{"rendered":"Tras cancelarle un vuelo  deber\u00e1n pagarle 170 mil pesos"},"content":{"rendered":"<h3><strong>Es un fallo in\u00e9dito en la Justicia ordinaria de C\u00f3rdoba.\u00a0<\/strong><\/h3>\n<p>Lo que deb\u00eda ser un viaje de placer, termin\u00f3 siendo una tortura cuando Tom\u00e1s Vega y su  esposa se vieron perjudicados porque LATAM cancel\u00f3 el vuelo que deb\u00eda llevarlos de C\u00f3rdoba a Ezeiza para, desde ah\u00ed, abordar el avi\u00f3n que los llevar\u00eda a Estados Unidos.<\/p>\n<p>\u00abCuando las empresas cancelan vuelos, desaparecen completamente: abandonan el trato personal, te contestan con chats automatizados que no te dan una respuesta. Me fui manejando hasta Ezeiza y por suerte pude abordar el otro vuelo. Me devolvieron la plata del vuelo perdido pero no el costo de la nafta, del estacionamiento del auto, etc.\u00bb, explic\u00f3 Vega.<\/p>\n<p>En ese momento, el abogado decidi\u00f3 llevar la situaci\u00f3n hasta las \u00faltimas consecuencias. \u00abEsto fue producto de un experimento jur\u00eddico que nunca imagin\u00e9 que iba a salir tan bien. Quise demostrar que las empresas siempre lucran porque no esperan que uno se tome el trabajo de insistir y menos que la Justicia falle de esta forma\u00bb, detall\u00f3.<\/p>\n<p>El abogado reclam\u00f3 durante seis meses y, como la empresa no le dio una respuesta, inici\u00f3 un juicio. En el mismo, Vega ped\u00eda no s\u00f3lo el reintegro de los gastos ($4.000), sino tambi\u00e9n indemnizaci\u00f3n por da\u00f1o moral y da\u00f1o punitivo.<\/p>\n<p>El pasado lunes, la C\u00e1mara S\u00e9ptima de la Justicia de C\u00f3rdoba rechaz\u00f3 el recurso de apelaci\u00f3n de LATAM y confirm\u00f3 el fallo de primera instancia. Por esto, la empresa no s\u00f3lo deber\u00e1 reintegrar los gastos, sino pagar $130 mil por da\u00f1os.<\/p>\n","protected":false},"excerpt":{"rendered":"<p>Es un fallo in\u00e9dito en la Justicia ordinaria de C\u00f3rdoba.\u00a0 Lo que deb\u00eda ser un viaje de placer, termin\u00f3 siendo una tortura cuando Tom\u00e1s Vega y su esposa se vieron perjudicados porque LATAM cancel\u00f3 el vuelo que deb\u00eda llevarlos de C\u00f3rdoba a Ezeiza para, desde ah\u00ed, abordar el avi\u00f3n que los llevar\u00eda a Estados Unidos. [&hellip;]<\/p>\n","protected":false},"author":1,"featured_media":63290,"comment_status":"closed","ping_status":"closed","sticky":false,"template":"","format":"standard","meta":{"_seopress_robots_primary_cat":"","_seopress_titles_title":"","_seopress_titles_desc":"","_seopress_robots_index":"","footnotes":""},"categories":[23399],"tags":[23538,23537,23539],"class_list":{"0":"post-63289","1":"post","2":"type-post","3":"status-publish","4":"format-standard","5":"has-post-thumbnail","7":"category-sociedad","8":"tag-cancelacion-de-vuelo","9":"tag-cancelarle-un-vuelo","10":"tag-indemnizacion-de-170-mil-pesos"},"_links":{"self":[{"href":"https:\/\/www.cordobatimes.com\/showup\/wp-json\/wp\/v2\/posts\/63289","targetHints":{"allow":["GET"]}}],"collection":[{"href":"https:\/\/www.cordobatimes.com\/showup\/wp-json\/wp\/v2\/posts"}],"about":[{"href":"https:\/\/www.cordobatimes.com\/showup\/wp-json\/wp\/v2\/types\/post"}],"author":[{"embeddable":true,"href":"https:\/\/www.cordobatimes.com\/showup\/wp-json\/wp\/v2\/users\/1"}],"replies":[{"embeddable":true,"href":"https:\/\/www.cordobatimes.com\/showup\/wp-json\/wp\/v2\/comments?post=63289"}],"version-history":[{"count":0,"href":"https:\/\/www.cordobatimes.com\/showup\/wp-json\/wp\/v2\/posts\/63289\/revisions"}],"wp:featuredmedia":[{"embeddable":true,"href":"https:\/\/www.cordobatimes.com\/showup\/wp-json\/wp\/v2\/media\/63290"}],"wp:attachment":[{"href":"https:\/\/www.cordobatimes.com\/showup\/wp-json\/wp\/v2\/media?parent=63289"}],"wp:term":[{"taxonomy":"category","embeddable":true,"href":"https:\/\/www.cordobatimes.com\/showup\/wp-json\/wp\/v2\/categories?post=63289"},{"taxonomy":"post_tag","embeddable":true,"href":"https:\/\/www.cordobatimes.com\/showup\/wp-json\/wp\/v2\/tags?post=63289"}],"curies":[{"name":"wp","href":"https:\/\/api.w.org\/{rel}","templated":true}]}}