{"id":63282,"date":"2019-04-24T13:34:23","date_gmt":"2019-04-24T16:34:23","guid":{"rendered":"https:\/\/www.cordobatimes.com\/showup\/?p=63282"},"modified":"2019-04-24T13:34:23","modified_gmt":"2019-04-24T16:34:23","slug":"luis-fonsi-sebastian-yatra-y-nicky-jam-estrenaron-date-la-vuelta","status":"publish","type":"post","link":"https:\/\/www.cordobatimes.com\/showup\/musica\/2019\/04\/24\/luis-fonsi-sebastian-yatra-y-nicky-jam-estrenaron-date-la-vuelta\/","title":{"rendered":"Luis Fonsi, Sebasti\u00e1n Yatra y Nicky Jam estrenaron  \u00abDate La Vuelta\u00bb"},"content":{"rendered":"<p>Luis Fonsi public\u00f3 en su canal de YouTube su nuevo corte de difusi\u00f3n en el que cuenta con la colaboraci\u00f3n de Sebasti\u00e1n Yatra y Nicky Jam. A horas de haber sido lanzado el video, el material supera el 1,363,865\u00a0 reproducciones. En el clip, el tr\u00edo canta y baila en un desierto, por lo que la elecci\u00f3n de vestuario de Yatra resulta, al menos, llamativa para la ocasi\u00f3n.<\/p>\n<p><iframe loading=\"lazy\" width=\"560\" height=\"315\" src=\"https:\/\/www.youtube.com\/embed\/n5jRwdEwLOY\" frameborder=\"0\" allow=\"accelerometer; autoplay; encrypted-media; gyroscope; picture-in-picture\" allowfullscreen><\/iframe><\/p>\n","protected":false},"excerpt":{"rendered":"<p>Luis Fonsi public\u00f3 en su canal de YouTube su nuevo corte de difusi\u00f3n en el que cuenta con la colaboraci\u00f3n de Sebasti\u00e1n Yatra y Nicky Jam. A horas de haber sido lanzado el video, el material supera el 1,363,865\u00a0 reproducciones. En el clip, el tr\u00edo canta y baila en un desierto, por lo que la [&hellip;]<\/p>\n","protected":false},"author":1,"featured_media":63283,"comment_status":"closed","ping_status":"closed","sticky":false,"template":"","format":"standard","meta":{"_seopress_robots_primary_cat":"","_seopress_titles_title":"","_seopress_titles_desc":"","_seopress_robots_index":"","footnotes":""},"categories":[5],"tags":[23533,23534],"class_list":{"0":"post-63282","1":"post","2":"type-post","3":"status-publish","4":"format-standard","5":"has-post-thumbnail","7":"category-musica","8":"tag-date-la-vuelta","9":"tag-luis-fonsi-sebastian-yatra-y-nicky-jam"},"_links":{"self":[{"href":"https:\/\/www.cordobatimes.com\/showup\/wp-json\/wp\/v2\/posts\/63282","targetHints":{"allow":["GET"]}}],"collection":[{"href":"https:\/\/www.cordobatimes.com\/showup\/wp-json\/wp\/v2\/posts"}],"about":[{"href":"https:\/\/www.cordobatimes.com\/showup\/wp-json\/wp\/v2\/types\/post"}],"author":[{"embeddable":true,"href":"https:\/\/www.cordobatimes.com\/showup\/wp-json\/wp\/v2\/users\/1"}],"replies":[{"embeddable":true,"href":"https:\/\/www.cordobatimes.com\/showup\/wp-json\/wp\/v2\/comments?post=63282"}],"version-history":[{"count":0,"href":"https:\/\/www.cordobatimes.com\/showup\/wp-json\/wp\/v2\/posts\/63282\/revisions"}],"wp:featuredmedia":[{"embeddable":true,"href":"https:\/\/www.cordobatimes.com\/showup\/wp-json\/wp\/v2\/media\/63283"}],"wp:attachment":[{"href":"https:\/\/www.cordobatimes.com\/showup\/wp-json\/wp\/v2\/media?parent=63282"}],"wp:term":[{"taxonomy":"category","embeddable":true,"href":"https:\/\/www.cordobatimes.com\/showup\/wp-json\/wp\/v2\/categories?post=63282"},{"taxonomy":"post_tag","embeddable":true,"href":"https:\/\/www.cordobatimes.com\/showup\/wp-json\/wp\/v2\/tags?post=63282"}],"curies":[{"name":"wp","href":"https:\/\/api.w.org\/{rel}","templated":true}]}}