{"id":63253,"date":"2019-04-23T13:44:38","date_gmt":"2019-04-23T16:44:38","guid":{"rendered":"https:\/\/www.cordobatimes.com\/showup\/?p=63253"},"modified":"2019-04-23T14:50:48","modified_gmt":"2019-04-23T17:50:48","slug":"alemania-una-mujer-desperto-tras-27-anos-en-estado-vegetativo","status":"publish","type":"post","link":"https:\/\/www.cordobatimes.com\/showup\/sociedad\/2019\/04\/23\/alemania-una-mujer-desperto-tras-27-anos-en-estado-vegetativo\/","title":{"rendered":"Alemania: una mujer despert\u00f3 tras 27 a\u00f1os en estado vegetativo"},"content":{"rendered":"<p class=\"capital\"><strong>Escuchar la voz angustiada de su hijo y sentir\u00a0que estaba en peligro podr\u00eda haber sido esa chispa que hizo que una mujer despertara tras 27 a\u00f1os en estado vegetativo, ante la sorpresa de m\u00e9dicos y familiares.<\/strong><\/p>\n<p>Munira Abdulla, quien ten\u00eda 32 a\u00f1os en el momento del accidente, sufri\u00f3 una lesi\u00f3n cerebral severa luego de que el auto en el que viajaba fuese embestido por un colectivo. Junto a ella, en el asiento de atr\u00e1s, se encontraba su peque\u00f1o hijo, Omar Webair, de cuatro a\u00f1os. Para evitar que el peque\u00f1o se da\u00f1ara, Munira lo acun\u00f3 en sus brazos para absorber el impacto. El ni\u00f1o solo sufri\u00f3 raspones.<\/p>\n<section id=\"listadoAdemas\" class=\"listado ademas floatFix\" data-is-block=\"true\" data-block-name=\"n_relacionadas-cuerpo\" data-diagramacion-id=\"0\"><\/section>\n<p>El dram\u00e1tico accidente ocurri\u00f3 en 1991 y Abdulla qued\u00f3 gravemente herida, pero el a\u00f1o pasado recuper\u00f3 el conocimiento en un hospital alem\u00e1n luego de 27 a\u00f1os sin comunicarse con nadie.<\/p>\n<p>La historia la difundi\u00f3 su hijo Omar, que ahora ya tiene 32 a\u00f1os. El hombre brind\u00f3 una entrevista a The National, un peri\u00f3dico con sede en los\u00a0Emiratos \u00c1rabes Unidos\u00a0, de donde es oriunda la familia.<\/p>\n<p>\u00abNunca la abandon\u00e9 porque siempre tuve la sensaci\u00f3n de que alg\u00fan d\u00eda se despertar\u00eda\u00bb, dijo Omar ayer y agreg\u00f3: \u00abLa raz\u00f3n por la que compart\u00ed su historia es para decirle a la gente que no pierda la esperanza de sus seres queridos. No los considere muertos cuando est\u00e1n en tal estado\u00bb.<\/p>\n<h2 id=\"una-discusion-que-desperto-a-munira\" class=\"subtitulo-1\"><strong>Una discusi\u00f3n que despert\u00f3 a Munira<\/strong><\/h2>\n<p>La mujer hab\u00eda sido trasladada en 2017, gracias a la ayuda del pr\u00edncipe heredero de Abu Dabi, Sheikh Mohamed bin Zayed, quien conoci\u00f3 su caso por una entrevista previa de Omar.<\/p>\n<p>Ya en tierras germanas, tras meses de tratamiento, Omar discuti\u00f3 con un m\u00e9dico dentro de la habitaci\u00f3n de su madre. \u00abHubo un malentendido en la habitaci\u00f3n del hospital y ella crey\u00f3 que yo estaba en riesgo, lo que le caus\u00f3 un shock\u00bb, explic\u00f3 el joven, y cont\u00f3 que la mujer comenz\u00f3 a sollozar al escuchar los gritos.<\/p>\n<p>Tras el examen de los m\u00e9dicos, se determin\u00f3 que no hab\u00eda pasado nada y que la mujer permanec\u00eda igual que hac\u00eda 27 a\u00f1os. Sin embargo, tres d\u00edas despu\u00e9s de ese episodio, durante la noche Omar escuch\u00f3 una voz de mujer que lo llamaba. Abri\u00f3 los ojos y se dio cuenta que era su madre, que hab\u00eda despertado.<\/p>\n<p>\u00ab\u00a1Era ella! Me estaba llamando. Me sent\u00ed s\u00faper alegre. Durante a\u00f1os hab\u00eda so\u00f1ado con ese momento, y mi nombre fue lo primero que dijo\u00bb, record\u00f3 Omar.<\/p>\n<p>Desde aquel despertar pasaron unos cuentos meses, en los que la mujer evolucion\u00f3 de tal manera que ahora es capaz de mantener conversaciones, rezar y llamar a sus seres queridos cuando lo necesita.<\/p>\n<p>Un informe del centro m\u00e9dico alem\u00e1n confirm\u00f3 que la paciente \u00abes capaz actualmente de comunicarse por s\u00ed misma de una manera muy razonable, especialmente en situaciones familiares\u00bb. M\u00e1s all\u00e1 de su evoluci\u00f3n Munira Abdulla tendr\u00e1 que afrontar fisioterapia y prevenir la contracci\u00f3n de otros m\u00fasculos.<\/p>\n","protected":false},"excerpt":{"rendered":"<p>Escuchar la voz angustiada de su hijo y sentir\u00a0que estaba en peligro podr\u00eda haber sido esa chispa que hizo que una mujer despertara tras 27 a\u00f1os en estado vegetativo, ante la sorpresa de m\u00e9dicos y familiares. Munira Abdulla, quien ten\u00eda 32 a\u00f1os en el momento del accidente, sufri\u00f3 una lesi\u00f3n cerebral severa luego de que [&hellip;]<\/p>\n","protected":false},"author":1,"featured_media":63254,"comment_status":"closed","ping_status":"closed","sticky":false,"template":"","format":"standard","meta":{"_seopress_robots_primary_cat":"","_seopress_titles_title":"","_seopress_titles_desc":"","_seopress_robots_index":"","footnotes":""},"categories":[23399],"tags":[23521,23522],"class_list":{"0":"post-63253","1":"post","2":"type-post","3":"status-publish","4":"format-standard","5":"has-post-thumbnail","7":"category-sociedad","8":"tag-desperto-tras-27-anos-en-estado-vegetativo","9":"tag-munira-abdulla"},"_links":{"self":[{"href":"https:\/\/www.cordobatimes.com\/showup\/wp-json\/wp\/v2\/posts\/63253","targetHints":{"allow":["GET"]}}],"collection":[{"href":"https:\/\/www.cordobatimes.com\/showup\/wp-json\/wp\/v2\/posts"}],"about":[{"href":"https:\/\/www.cordobatimes.com\/showup\/wp-json\/wp\/v2\/types\/post"}],"author":[{"embeddable":true,"href":"https:\/\/www.cordobatimes.com\/showup\/wp-json\/wp\/v2\/users\/1"}],"replies":[{"embeddable":true,"href":"https:\/\/www.cordobatimes.com\/showup\/wp-json\/wp\/v2\/comments?post=63253"}],"version-history":[{"count":0,"href":"https:\/\/www.cordobatimes.com\/showup\/wp-json\/wp\/v2\/posts\/63253\/revisions"}],"wp:featuredmedia":[{"embeddable":true,"href":"https:\/\/www.cordobatimes.com\/showup\/wp-json\/wp\/v2\/media\/63254"}],"wp:attachment":[{"href":"https:\/\/www.cordobatimes.com\/showup\/wp-json\/wp\/v2\/media?parent=63253"}],"wp:term":[{"taxonomy":"category","embeddable":true,"href":"https:\/\/www.cordobatimes.com\/showup\/wp-json\/wp\/v2\/categories?post=63253"},{"taxonomy":"post_tag","embeddable":true,"href":"https:\/\/www.cordobatimes.com\/showup\/wp-json\/wp\/v2\/tags?post=63253"}],"curies":[{"name":"wp","href":"https:\/\/api.w.org\/{rel}","templated":true}]}}