{"id":63026,"date":"2019-04-23T12:18:49","date_gmt":"2019-04-23T15:18:49","guid":{"rendered":"https:\/\/www.cordobatimes.com\/showup\/?p=63026"},"modified":"2019-04-23T12:18:49","modified_gmt":"2019-04-23T15:18:49","slug":"mon-laferte-la-emotiva-carta-en-la-que-habla-de-su-depresion-y-el-apoyo-de-otros-cantantes","status":"publish","type":"post","link":"https:\/\/www.cordobatimes.com\/showup\/musica\/2019\/04\/23\/mon-laferte-la-emotiva-carta-en-la-que-habla-de-su-depresion-y-el-apoyo-de-otros-cantantes\/","title":{"rendered":"Mon Laferte: la emotiva carta en la que habla de su depresi\u00f3n y el apoyo de otros cantantes"},"content":{"rendered":"<h3><strong>La cantante chilena Mon Laferte particip\u00f3 del festival Coachella, en Estados Unidos y tras su concierto escribi\u00f3 una sentida carta en Instagram en la que revela que sufre de depresi\u00f3n y que hac\u00eda mucho tiempo que no terminaba un show sin llorar.<\/strong><\/h3>\n<p>\u201cMi gente querida, ayer fue el \u00faltimo show en @coachella y me sent\u00ed muy feliz sobre el escenario, ten\u00eda varios meses de estar muy deprimida y me costaba mucho dar un concierto sin llorar, hoy me siento m\u00e1s tranquila y poco a poco recuperando la alegr\u00eda de vivir. \u00bfPor qu\u00e9 comparto esto? Porque me es muy dif\u00edcil avanzar intentado ocultar los estragos de mi personalidad, la depresi\u00f3n es ciega, a veces puedes tenerlo todo y aun as\u00ed estar deprimida. Mi vida los \u00faltimos a\u00f1os ha sido una monta\u00f1a rusa y supongo que ahora me pasa la cuenta. Ahora solo quiero volver a enamorarme de las canciones. Si hay alguien ah\u00ed que tenga depre, \u00e1nimo, un d\u00eda a la vez. A modo simb\u00f3lico me cort\u00e9 el pelo y estoy dejando que asomen con libertad mis blancos cabellos. A dos semanas de cumplir 36 a\u00f1os, estoy viva a\u00fan, medio golpeada, pero viva\u201d, dijo la m\u00fasica.<\/p>\n<p>Inmediatamente comenz\u00f3 a recibir el apoyo de sus fans y tambi\u00e9n de otros cantantes y compositores como Alejandro Sanz, Lali Esp\u00f3sito, Jorge Drexler, Francisca Valenzuela, Ana Tijoux, entre muchos otros.<\/p>\n<p>&nbsp;<\/p>\n<blockquote class=\"instagram-media\" style=\"background: #FFF; border: 0; border-radius: 3px; box-shadow: 0 0 1px 0 rgba(0,0,0,0.5),0 1px 10px 0 rgba(0,0,0,0.15); margin: 1px; max-width: 540px; min-width: 326px; padding: 0; width: calc(100% - 2px);\" data-instgrm-captioned=\"\" data-instgrm-permalink=\"https:\/\/www.instagram.com\/p\/BwfYWv5HePq\/?utm_source=ig_embed&amp;utm_medium=loading\" data-instgrm-version=\"12\">\n<div style=\"padding: 16px;\">\n<p>&nbsp;<\/p>\n<div style=\"display: flex; flex-direction: row; align-items: center;\">\n<div style=\"background-color: #f4f4f4; border-radius: 50%; flex-grow: 0; height: 40px; margin-right: 14px; width: 40px;\"><\/div>\n<div style=\"display: flex; flex-direction: column; flex-grow: 1; justify-content: center;\">\n<div style=\"background-color: #f4f4f4; border-radius: 4px; flex-grow: 0; height: 14px; margin-bottom: 6px; width: 100px;\"><\/div>\n<div style=\"background-color: #f4f4f4; border-radius: 4px; flex-grow: 0; height: 14px; width: 60px;\"><\/div>\n<\/div>\n<\/div>\n<div style=\"padding: 19% 0;\"><\/div>\n<div style=\"display: block; height: 50px; margin: 0 auto 12px; width: 50px;\"><\/div>\n<div style=\"padding-top: 8px;\">\n<div style=\"color: #3897f0; font-family: Arial,sans-serif; font-size: 14px; font-style: normal; font-weight: 550; line-height: 18px;\">Ver esta publicaci\u00f3n en Instagram<\/div>\n<\/div>\n<div style=\"padding: 12.5% 0;\"><\/div>\n<div style=\"display: flex; flex-direction: row; margin-bottom: 14px; align-items: center;\">\n<div>\n<div style=\"background-color: #f4f4f4; border-radius: 50%; height: 12.5px; width: 12.5px; transform: translateX(0px) translateY(7px);\"><\/div>\n<div style=\"background-color: #f4f4f4; height: 12.5px; transform: rotate(-45deg) translateX(3px) translateY(1px); width: 12.5px; flex-grow: 0; margin-right: 14px; margin-left: 2px;\"><\/div>\n<div style=\"background-color: #f4f4f4; border-radius: 50%; height: 12.5px; width: 12.5px; transform: translateX(9px) translateY(-18px);\"><\/div>\n<\/div>\n<div style=\"margin-left: 8px;\">\n<div style=\"background-color: #f4f4f4; border-radius: 50%; flex-grow: 0; height: 20px; width: 20px;\"><\/div>\n<div style=\"width: 0; height: 0; border-top: 2px solid transparent; border-left: 6px solid #f4f4f4; border-bottom: 2px solid transparent; transform: translateX(16px) translateY(-4px) rotate(30deg);\"><\/div>\n<\/div>\n<div style=\"margin-left: auto;\">\n<div style=\"width: 0px; border-top: 8px solid #F4F4F4; border-right: 8px solid transparent; transform: translateY(16px);\"><\/div>\n<div style=\"background-color: #f4f4f4; flex-grow: 0; height: 12px; width: 16px; transform: translateY(-4px);\"><\/div>\n<div style=\"width: 0; height: 0; border-top: 8px solid #F4F4F4; border-left: 8px solid transparent; transform: translateY(-4px) translateX(8px);\"><\/div>\n<\/div>\n<\/div>\n<p>&nbsp;<\/p>\n<p style=\"margin: 8px 0 0 0; padding: 0 4px;\"><a style=\"color: #000; font-family: Arial,sans-serif; font-size: 14px; font-style: normal; font-weight: normal; line-height: 17px; text-decoration: none; word-wrap: break-word;\" href=\"https:\/\/www.instagram.com\/p\/BwfYWv5HePq\/?utm_source=ig_embed&amp;utm_medium=loading\" target=\"_blank\" rel=\"noopener noreferrer\">Mi gente querida, ayer fue el \u00faltimo show en @coachella y me sent\u00ed muy feliz sobre el escenario, ten\u00eda varios meses de estar muy deprimida y me costaba mucho dar un concierto sin llorar, hoy me siento m\u00e1s tranquila y poco a poco recuperando la alegr\u00eda de vivir. Por que comparto esto? Porque me es muy dif\u00edcil avanzar intentado ocultar los estragos de mi personalidad, la depresi\u00f3n es ciega, a veces puedes tenerlo todo y a\u00fan as\u00ed estar deprimida. Mi vida los \u00faltimos a\u00f1os ha sido una monta\u00f1a rusa y supongo que ahora me pasa la cuenta. Ahora solo quiero volver a enamorarme de las canciones. Si hay alguien ah\u00ed que tenga depre, \u00e1nimo, un d\u00eda a la vez. A modo simb\u00f3lico me cort\u00e9 el pelo y estoy dejando que asomen con libertad mis blancos cabellos. A dos semanas de cumplir 36 a\u00f1os, estoy viva a\u00fan, medio golpeada, pero viva.<\/a><\/p>\n<p style=\"color: #c9c8cd; font-family: Arial,sans-serif; font-size: 14px; line-height: 17px; margin-bottom: 0; margin-top: 8px; overflow: hidden; padding: 8px 0 7px; text-align: center; text-overflow: ellipsis; white-space: nowrap;\">Una publicaci\u00f3n compartida de <a style=\"color: #c9c8cd; font-family: Arial,sans-serif; font-size: 14px; font-style: normal; font-weight: normal; line-height: 17px;\" href=\"https:\/\/www.instagram.com\/monlaferte\/?utm_source=ig_embed&amp;utm_medium=loading\" target=\"_blank\" rel=\"noopener noreferrer\"> mon laferte<\/a> (@monlaferte) el <time style=\"font-family: Arial,sans-serif; font-size: 14px; line-height: 17px;\" datetime=\"2019-04-20T20:12:26+00:00\">20 Abr, 2019 a las 1:12 PDT<\/time><\/p>\n<\/div>\n<\/blockquote>\n<p><script async src=\"\/\/www.instagram.com\/embed.js\"><\/script><\/p>\n","protected":false},"excerpt":{"rendered":"<p>La cantante chilena Mon Laferte particip\u00f3 del festival Coachella, en Estados Unidos y tras su concierto escribi\u00f3 una sentida carta en Instagram en la que revela que sufre de depresi\u00f3n y que hac\u00eda mucho tiempo que no terminaba un show sin llorar. \u201cMi gente querida, ayer fue el \u00faltimo show en @coachella y me sent\u00ed [&hellip;]<\/p>\n","protected":false},"author":1,"featured_media":63027,"comment_status":"closed","ping_status":"closed","sticky":false,"template":"","format":"standard","meta":{"_seopress_robots_primary_cat":"","_seopress_titles_title":"","_seopress_titles_desc":"","_seopress_robots_index":"","footnotes":""},"categories":[5],"tags":[23517,23518],"class_list":{"0":"post-63026","1":"post","2":"type-post","3":"status-publish","4":"format-standard","5":"has-post-thumbnail","7":"category-musica","8":"tag-carta-de-mon-laferte","9":"tag-depresion-de-mon-laferte"},"_links":{"self":[{"href":"https:\/\/www.cordobatimes.com\/showup\/wp-json\/wp\/v2\/posts\/63026","targetHints":{"allow":["GET"]}}],"collection":[{"href":"https:\/\/www.cordobatimes.com\/showup\/wp-json\/wp\/v2\/posts"}],"about":[{"href":"https:\/\/www.cordobatimes.com\/showup\/wp-json\/wp\/v2\/types\/post"}],"author":[{"embeddable":true,"href":"https:\/\/www.cordobatimes.com\/showup\/wp-json\/wp\/v2\/users\/1"}],"replies":[{"embeddable":true,"href":"https:\/\/www.cordobatimes.com\/showup\/wp-json\/wp\/v2\/comments?post=63026"}],"version-history":[{"count":0,"href":"https:\/\/www.cordobatimes.com\/showup\/wp-json\/wp\/v2\/posts\/63026\/revisions"}],"wp:featuredmedia":[{"embeddable":true,"href":"https:\/\/www.cordobatimes.com\/showup\/wp-json\/wp\/v2\/media\/63027"}],"wp:attachment":[{"href":"https:\/\/www.cordobatimes.com\/showup\/wp-json\/wp\/v2\/media?parent=63026"}],"wp:term":[{"taxonomy":"category","embeddable":true,"href":"https:\/\/www.cordobatimes.com\/showup\/wp-json\/wp\/v2\/categories?post=63026"},{"taxonomy":"post_tag","embeddable":true,"href":"https:\/\/www.cordobatimes.com\/showup\/wp-json\/wp\/v2\/tags?post=63026"}],"curies":[{"name":"wp","href":"https:\/\/api.w.org\/{rel}","templated":true}]}}