{"id":62982,"date":"2019-04-22T15:30:24","date_gmt":"2019-04-22T18:30:24","guid":{"rendered":"https:\/\/www.cordobatimes.com\/showup\/?p=62982"},"modified":"2019-04-22T19:14:03","modified_gmt":"2019-04-22T22:14:03","slug":"en-las-ultimas-horas-se-dio-a-conocer-un-nuevo-parte-medico-de-sergio-denis","status":"publish","type":"post","link":"https:\/\/www.cordobatimes.com\/showup\/musica\/2019\/04\/22\/en-las-ultimas-horas-se-dio-a-conocer-un-nuevo-parte-medico-de-sergio-denis\/","title":{"rendered":"En las \u00faltimas horas se dio a conocer un nuevo parte m\u00e9dico de Sergio Denis"},"content":{"rendered":"<p>&nbsp;<\/p>\n<p>El nuevo parte m\u00e9dico sobre el estado de salud de Sergio Denis da cuenta de una mejor\u00eda del compositor y cantante quien \u00abse encuentra con menor requerimiento de asistencia respiratoria mec\u00e1nica y sin necesidad de f\u00e1rmacos para mantener el funcionamiento cardiovascular\u00bb.<\/p>\n<p>El informe del Sanatorio Los Arcos, lugar al que Denis ingres\u00f3 el s\u00e1bado 13 tras permace internado desde el 11 de marzo en Tucum\u00e1n, fue difundido a trav\u00e9s de la cuenta de Twitter de Federico Hoffman, uno de los hijos del m\u00fasico, de 70 a\u00f1os.<\/p>\n<blockquote class=\"twitter-tweet\" data-lang=\"es\">\n<p lang=\"und\" dir=\"ltr\">Hoy.<a href=\"https:\/\/twitter.com\/hashtag\/SergioDenisvive?src=hash&amp;ref_src=twsrc%5Etfw\">#SergioDenisvive<\/a> <a href=\"https:\/\/t.co\/f8t6orIq5m\">pic.twitter.com\/f8t6orIq5m<\/a><\/p>\n<p>&mdash; Federico Hoffmann (@FedHoffmann) <a href=\"https:\/\/twitter.com\/FedHoffmann\/status\/1120352404556386304?ref_src=twsrc%5Etfw\">22 de abril de 2019<\/a><\/p><\/blockquote>\n<p><script async src=\"https:\/\/platform.twitter.com\/widgets.js\" charset=\"utf-8\"><\/script><\/p>\n<p>El int\u00e9rprete fue internado de urgencia en la terapia intensiva del Hospital Padilla de San Miguel de Tucum\u00e1n estado de inconsciencia el lunes 11 de marzo tras caerse al foso del Teatro Mercedes Sosa de la capital tucumana durante un recital organizado por la Asociaci\u00f3n de Trabajadores de la Sanidad en Argentina (ATSA) para sus afiliadas por el D\u00eda de la Mujer.<\/p>\n<p>El s\u00e1bado 13 de abril fue trasladado a Buenos Aires y una vez internado en el Sanatorio Los Arcos, debi\u00f3 ser intervenido quir\u00fargicamente en dos ocasiones. <\/p>\n<p>Se le practic\u00f3 una cirug\u00eda de t\u00f3rax para evacuar un derrame pleural complejo que comprim\u00eda parte del pulm\u00f3n derecho y otra de abdomen por un proceso infeccioso intestinal grave.<\/p>\n","protected":false},"excerpt":{"rendered":"<p>&nbsp; El nuevo parte m\u00e9dico sobre el estado de salud de Sergio Denis da cuenta de una mejor\u00eda del compositor y cantante quien \u00abse encuentra con menor requerimiento de asistencia respiratoria mec\u00e1nica y sin necesidad de f\u00e1rmacos para mantener el funcionamiento cardiovascular\u00bb. El informe del Sanatorio Los Arcos, lugar al que Denis ingres\u00f3 el s\u00e1bado [&hellip;]<\/p>\n","protected":false},"author":1,"featured_media":62983,"comment_status":"closed","ping_status":"closed","sticky":false,"template":"","format":"standard","meta":{"_seopress_robots_primary_cat":"","_seopress_titles_title":"","_seopress_titles_desc":"","_seopress_robots_index":"","footnotes":""},"categories":[5],"tags":[23256,23253],"class_list":{"0":"post-62982","1":"post","2":"type-post","3":"status-publish","4":"format-standard","5":"has-post-thumbnail","7":"category-musica","8":"tag-estado-de-salud-de-sergio-denis","9":"tag-parte-medico-de-sergio-denis"},"_links":{"self":[{"href":"https:\/\/www.cordobatimes.com\/showup\/wp-json\/wp\/v2\/posts\/62982","targetHints":{"allow":["GET"]}}],"collection":[{"href":"https:\/\/www.cordobatimes.com\/showup\/wp-json\/wp\/v2\/posts"}],"about":[{"href":"https:\/\/www.cordobatimes.com\/showup\/wp-json\/wp\/v2\/types\/post"}],"author":[{"embeddable":true,"href":"https:\/\/www.cordobatimes.com\/showup\/wp-json\/wp\/v2\/users\/1"}],"replies":[{"embeddable":true,"href":"https:\/\/www.cordobatimes.com\/showup\/wp-json\/wp\/v2\/comments?post=62982"}],"version-history":[{"count":0,"href":"https:\/\/www.cordobatimes.com\/showup\/wp-json\/wp\/v2\/posts\/62982\/revisions"}],"wp:featuredmedia":[{"embeddable":true,"href":"https:\/\/www.cordobatimes.com\/showup\/wp-json\/wp\/v2\/media\/62983"}],"wp:attachment":[{"href":"https:\/\/www.cordobatimes.com\/showup\/wp-json\/wp\/v2\/media?parent=62982"}],"wp:term":[{"taxonomy":"category","embeddable":true,"href":"https:\/\/www.cordobatimes.com\/showup\/wp-json\/wp\/v2\/categories?post=62982"},{"taxonomy":"post_tag","embeddable":true,"href":"https:\/\/www.cordobatimes.com\/showup\/wp-json\/wp\/v2\/tags?post=62982"}],"curies":[{"name":"wp","href":"https:\/\/api.w.org\/{rel}","templated":true}]}}