{"id":62878,"date":"2019-04-18T11:31:17","date_gmt":"2019-04-18T14:31:17","guid":{"rendered":"https:\/\/www.cordobatimes.com\/showup\/?p=62878"},"modified":"2019-04-18T11:31:17","modified_gmt":"2019-04-18T14:31:17","slug":"semana-santa-en-cordoba-tres-shows-con-entrada-gratuita","status":"publish","type":"post","link":"https:\/\/www.cordobatimes.com\/showup\/agenda\/2019\/04\/18\/semana-santa-en-cordoba-tres-shows-con-entrada-gratuita\/","title":{"rendered":"Semana Santa en C\u00f3rdoba: Tres shows con entrada gratuita"},"content":{"rendered":"<h3>\u00a0<strong>Espect\u00e1culos destacados que habr\u00e1 por estos d\u00edas en distintos puntos de la provincia.<\/strong><\/h3>\n<h3><strong>Axel en Carlos Paz<\/strong><\/h3>\n<p>El cantante estar\u00e1 en los Jardines Municipales de la Villa el s\u00e1bado desde las 20.<\/p>\n<p><iframe loading=\"lazy\" src=\"https:\/\/www.youtube.com\/embed\/AdLDHrQkcbg\" width=\"560\" height=\"315\" frameborder=\"0\" allowfullscreen=\"allowfullscreen\"><\/iframe><\/p>\n<h3><strong>Estelares en Cosqu\u00edn<\/strong><\/h3>\n<p>La banda de Manuel Moretti se presenta el domingo en la Plaza Pr\u00f3spero Molina junto a bandas locales. Desde las 22.<\/p>\n<p><iframe loading=\"lazy\" src=\"https:\/\/www.youtube.com\/embed\/jMqv1wwCTFg\" width=\"560\" height=\"315\" frameborder=\"0\" allowfullscreen=\"allowfullscreen\"><\/iframe><\/p>\n<h3><strong>El Indio Lucio Rojas en La Granja<\/strong><\/h3>\n<p>El folklorista ser\u00e1 el encargado del cierre de la Feria del Libro de la localidad de Sierras Chicas con un espect\u00e1culo en el Play\u00f3n Municipal el domingo desde las 17.<\/p>\n<p><iframe loading=\"lazy\" width=\"560\" height=\"315\" src=\"https:\/\/www.youtube.com\/embed\/rdubysXOuf8\" frameborder=\"0\" allow=\"accelerometer; autoplay; encrypted-media; gyroscope; picture-in-picture\" allowfullscreen><\/iframe><\/p>\n","protected":false},"excerpt":{"rendered":"<p>\u00a0Espect\u00e1culos destacados que habr\u00e1 por estos d\u00edas en distintos puntos de la provincia. Axel en Carlos Paz El cantante estar\u00e1 en los Jardines Municipales de la Villa el s\u00e1bado desde las 20. Estelares en Cosqu\u00edn La banda de Manuel Moretti se presenta el domingo en la Plaza Pr\u00f3spero Molina junto a bandas locales. Desde las [&hellip;]<\/p>\n","protected":false},"author":1,"featured_media":62879,"comment_status":"closed","ping_status":"closed","sticky":false,"template":"","format":"standard","meta":{"_seopress_robots_primary_cat":"","_seopress_titles_title":"","_seopress_titles_desc":"","_seopress_robots_index":"","footnotes":""},"categories":[6],"tags":[23487,23476],"class_list":{"0":"post-62878","1":"post","2":"type-post","3":"status-publish","4":"format-standard","5":"has-post-thumbnail","7":"category-agenda","8":"tag-actividades-para-semana-santa-en-cordoba","9":"tag-semana-santa-en-cordoba"},"_links":{"self":[{"href":"https:\/\/www.cordobatimes.com\/showup\/wp-json\/wp\/v2\/posts\/62878","targetHints":{"allow":["GET"]}}],"collection":[{"href":"https:\/\/www.cordobatimes.com\/showup\/wp-json\/wp\/v2\/posts"}],"about":[{"href":"https:\/\/www.cordobatimes.com\/showup\/wp-json\/wp\/v2\/types\/post"}],"author":[{"embeddable":true,"href":"https:\/\/www.cordobatimes.com\/showup\/wp-json\/wp\/v2\/users\/1"}],"replies":[{"embeddable":true,"href":"https:\/\/www.cordobatimes.com\/showup\/wp-json\/wp\/v2\/comments?post=62878"}],"version-history":[{"count":0,"href":"https:\/\/www.cordobatimes.com\/showup\/wp-json\/wp\/v2\/posts\/62878\/revisions"}],"wp:featuredmedia":[{"embeddable":true,"href":"https:\/\/www.cordobatimes.com\/showup\/wp-json\/wp\/v2\/media\/62879"}],"wp:attachment":[{"href":"https:\/\/www.cordobatimes.com\/showup\/wp-json\/wp\/v2\/media?parent=62878"}],"wp:term":[{"taxonomy":"category","embeddable":true,"href":"https:\/\/www.cordobatimes.com\/showup\/wp-json\/wp\/v2\/categories?post=62878"},{"taxonomy":"post_tag","embeddable":true,"href":"https:\/\/www.cordobatimes.com\/showup\/wp-json\/wp\/v2\/tags?post=62878"}],"curies":[{"name":"wp","href":"https:\/\/api.w.org\/{rel}","templated":true}]}}