{"id":62809,"date":"2019-04-15T14:02:31","date_gmt":"2019-04-15T17:02:31","guid":{"rendered":"https:\/\/www.cordobatimes.com\/showup\/?p=62809"},"modified":"2019-04-16T00:52:39","modified_gmt":"2019-04-16T03:52:39","slug":"el-parte-medico-de-sergio-denis-tras-ser-trasladado-a-buenos-aires","status":"publish","type":"post","link":"https:\/\/www.cordobatimes.com\/showup\/famosos\/2019\/04\/15\/el-parte-medico-de-sergio-denis-tras-ser-trasladado-a-buenos-aires\/","title":{"rendered":"El parte m\u00e9dico de Sergio Denis tras ser trasladado a Buenos Aires"},"content":{"rendered":"<h3><strong>Su hijo public\u00f3 un mensaje en su cuenta de Twitter.<\/strong><\/h3>\n<p>Despu\u00e9s de ser trasladado el fin de semana a Buenos Aires, Sergio Denis atraviesa momentos muy delicados ya que tuvo que ser intervenido en dos oportunidades por distintas complicaciones.<\/p>\n<p>El \u00faltimo parte m\u00e9dico difundido por el Sanatorio Los Arcos este lunes indica que el m\u00fasico se encuentra en terapia intensiva con asistencia respiratoria mec\u00e1nica y f\u00e1rmacos para mantener el funcionamiento cardiovascular: \u00abPor un cuadro s\u00e9ptico, recibe tambi\u00e9n varios antibi\u00f3ticos de amplio espectro\u00bb.<\/p>\n<p>La direcci\u00f3n m\u00e9dica tambi\u00e9n comunic\u00f3 que en las \u00faltimas 48 horas fue sometido a una cirug\u00eda de t\u00f3rax \u00abpara evacuar un derrame pleural complejo que comprim\u00eda parte del pulm\u00f3n derecho\u00bb. Adem\u00e1s, le realizaron una operaci\u00f3n de abdomen \u00abpor un proceso infeccioso intestinal grave\u00bb.<\/p>\n<p>\u00abSu compromiso neurol\u00f3gico es de considerable magnitud y su estado general es cr\u00edtico\u00bb, finaliza el parte m\u00e9dico que Federico Hoffmann \u2013hijo del cantante\u2013 comparti\u00f3 a trav\u00e9s de su cuenta de Twitter, red social en la cual pidi\u00f3 ayuda a sus seguidores. \u00abSigamos haciendo fuerza. Juntos\u00bb, escribi\u00f3 quien tambi\u00e9n es m\u00fasico.<\/p>\n<blockquote class=\"twitter-tweet\" data-lang=\"es\">\n<p dir=\"ltr\" lang=\"es\">La neta al d\u00eda de hoy. Sigamos haciendo fuerza. Juntos.<a href=\"https:\/\/twitter.com\/hashtag\/SergioDenisvive?src=hash&amp;ref_src=twsrc%5Etfw\">#SergioDenisvive<\/a> <a href=\"https:\/\/t.co\/kwEg4fEnXp\">pic.twitter.com\/kwEg4fEnXp<\/a><\/p>\n<p>\u2014 Federico Hoffmann (@FedHoffmann) <a href=\"https:\/\/twitter.com\/FedHoffmann\/status\/1117791321245343746?ref_src=twsrc%5Etfw\">15 de abril de 2019<\/a><\/p><\/blockquote>\n<p><script async src=\"https:\/\/platform.twitter.com\/widgets.js\" charset=\"utf-8\"><\/script><\/p>\n","protected":false},"excerpt":{"rendered":"<p>Su hijo public\u00f3 un mensaje en su cuenta de Twitter. Despu\u00e9s de ser trasladado el fin de semana a Buenos Aires, Sergio Denis atraviesa momentos muy delicados ya que tuvo que ser intervenido en dos oportunidades por distintas complicaciones. El \u00faltimo parte m\u00e9dico difundido por el Sanatorio Los Arcos este lunes indica que el m\u00fasico [&hellip;]<\/p>\n","protected":false},"author":1,"featured_media":62810,"comment_status":"closed","ping_status":"closed","sticky":false,"template":"","format":"standard","meta":{"_seopress_robots_primary_cat":"","_seopress_titles_title":"","_seopress_titles_desc":"","_seopress_robots_index":"","footnotes":""},"categories":[4],"tags":[23256,23253],"class_list":{"0":"post-62809","1":"post","2":"type-post","3":"status-publish","4":"format-standard","5":"has-post-thumbnail","7":"category-famosos","8":"tag-estado-de-salud-de-sergio-denis","9":"tag-parte-medico-de-sergio-denis"},"_links":{"self":[{"href":"https:\/\/www.cordobatimes.com\/showup\/wp-json\/wp\/v2\/posts\/62809","targetHints":{"allow":["GET"]}}],"collection":[{"href":"https:\/\/www.cordobatimes.com\/showup\/wp-json\/wp\/v2\/posts"}],"about":[{"href":"https:\/\/www.cordobatimes.com\/showup\/wp-json\/wp\/v2\/types\/post"}],"author":[{"embeddable":true,"href":"https:\/\/www.cordobatimes.com\/showup\/wp-json\/wp\/v2\/users\/1"}],"replies":[{"embeddable":true,"href":"https:\/\/www.cordobatimes.com\/showup\/wp-json\/wp\/v2\/comments?post=62809"}],"version-history":[{"count":0,"href":"https:\/\/www.cordobatimes.com\/showup\/wp-json\/wp\/v2\/posts\/62809\/revisions"}],"wp:featuredmedia":[{"embeddable":true,"href":"https:\/\/www.cordobatimes.com\/showup\/wp-json\/wp\/v2\/media\/62810"}],"wp:attachment":[{"href":"https:\/\/www.cordobatimes.com\/showup\/wp-json\/wp\/v2\/media?parent=62809"}],"wp:term":[{"taxonomy":"category","embeddable":true,"href":"https:\/\/www.cordobatimes.com\/showup\/wp-json\/wp\/v2\/categories?post=62809"},{"taxonomy":"post_tag","embeddable":true,"href":"https:\/\/www.cordobatimes.com\/showup\/wp-json\/wp\/v2\/tags?post=62809"}],"curies":[{"name":"wp","href":"https:\/\/api.w.org\/{rel}","templated":true}]}}