{"id":62797,"date":"2019-04-15T11:07:21","date_gmt":"2019-04-15T14:07:21","guid":{"rendered":"https:\/\/www.cordobatimes.com\/showup\/?p=62797"},"modified":"2019-04-15T11:07:21","modified_gmt":"2019-04-15T14:07:21","slug":"los-nominados-a-los-premios-condor-de-plata","status":"publish","type":"post","link":"https:\/\/www.cordobatimes.com\/showup\/cine-y-series\/2019\/04\/15\/los-nominados-a-los-premios-condor-de-plata\/","title":{"rendered":"Los nominados a los premios C\u00f3ndor de Plata"},"content":{"rendered":"<h3><strong>Las pel\u00edculas \u00abEl Angel\u00bb, de Luis Ortega y \u00abLa Flor\u00bb, de Mariano Llin\u00e1s encabezan la lista de las m\u00e1s nominadas. La entrega se realizar\u00e1 en junio pr\u00f3ximo.<\/strong><\/h3>\n<p>La Asociaci\u00f3n de Cronistas Cinematogr\u00e1ficos de la Argentina anunci\u00f3 las nominaciones a los Premios C\u00f3ndor de Plata. La ceremonia de la edici\u00f3n n\u00famero 67, que reconocer\u00e1 a las mejores pel\u00edculas argentinas estrenadas en 2018, se llevar\u00e1 a cabo en junio pr\u00f3ximo.<\/p>\n<p>Las cintas con mayor n\u00famero de nominaciones en distintos rubros fueron El \u00c1ngel, de Luis Ortega, con 14. La siguieron Rojo, de Benjam\u00edn Naishtat, que obtuvo un total de 13 candidaturas, mientras que Joel, de Carlos Sor\u00edn, y La Reina del Miedo, de Valer\u00eda Bertuccelli y Fabiana Tiscornia, tuvieron 7.<\/p>\n<div class=\"row pb-content-type-text\">\n<div class=\"col-xs-12 col-print-12\">\n<p class=\"element element-paragraph\"><strong>La lista completa de los nominados:<\/strong><\/p>\n<\/div>\n<\/div>\n<div class=\"row pb-content-type-text\">\n<div class=\"col-xs-12 col-print-12\">\n<p class=\"element element-paragraph\"><strong>Mejor Pel\u00edcula de Ficci\u00f3n<\/strong><br \/>\n<em>El \u00c1ngel<\/em>, de Luis Ortega<br \/>\n<em>Joel<\/em>, de Carlos Sor\u00edn<br \/>\n<em>La Flor<\/em>, de Mariano Llin\u00e1s<br \/>\n<em>La reina del miedo<\/em>, de Valeria Bertuccelli y Fabiana Tiscornia<br \/>\n<em>Rojo<\/em>, de Benjam\u00edn Naishtat<\/p>\n<\/div>\n<\/div>\n<div class=\"row pb-content-type-text\">\n<div id=\"\" class=\"wrapper clearfix pb-feature pb-layout-item pb-f-ads-dfp\">\n<div id=\"inline\" class=\"ad-slot\">\n<div id=\"inline_ad\" data-google-query-id=\"CMCXy_ef0uECFcRgwQodg9AHHA\">\n<div id=\"google_ads_iframe_\/1058609\/infobae\/teleshow\/infoshow\/nota\/inline_0__container__\"><iframe id=\"google_ads_iframe_\/1058609\/infobae\/teleshow\/infoshow\/nota\/inline_0\" title=\"3rd party ad content\" name=\"google_ads_iframe_\/1058609\/infobae\/teleshow\/infoshow\/nota\/inline_0\" width=\"1\" height=\"1\" frameborder=\"0\" marginwidth=\"0\" marginheight=\"0\" scrolling=\"no\" data-google-container-id=\"6\" data-load-complete=\"true\" data-mce-fragment=\"1\"><\/iframe><\/div>\n<\/div>\n<\/div>\n<\/div>\n<div class=\"col-xs-12 col-print-12\">\n<p class=\"element element-paragraph\"><strong>Mejor \u00d3pera Prima de Ficci\u00f3n\/Documental<\/strong><br \/>\n<em>El silencio es un cuerpo que cae<\/em>, de Agustina Comedi<br \/>\n<em>El motoaarrebatador<\/em>, de Agust\u00edn Toscano<br \/>\n<em>Familia sumergida<\/em>, de Mar\u00eda Alch\u00e9<br \/>\n<em>La cama<\/em>, de M\u00f3nica Lairana<br \/>\n<em>Marilyn<\/em>, de Mart\u00edn Rodr\u00edguez Redondo<br \/>\n<em>Mi mejor amigo<\/em>, de Mart\u00edn Deus<\/p>\n<\/div>\n<\/div>\n<div class=\"row pb-content-type-text\">\n<div class=\"col-xs-12 col-print-12\">\n<p class=\"element element-paragraph\"><strong>Mejor Pel\u00edcula Documental<\/strong><br \/>\n<em>El silencio es un cuerpo que cae<\/em>, de Agustina Comedi<br \/>\n<em>Mujer n\u00f3made<\/em>, de Mart\u00edn Farina<br \/>\n<em>No viajar\u00e9 escondida<\/em>, de Pablo Hern\u00e1n Zubizarreta<br \/>\n<em>Piazzolla, los a\u00f1os del tibur\u00f3n<\/em>, de Daniel Rosenfeld<br \/>\n<em>Teatro de guerra<\/em>, de Lola Arias<\/p>\n<\/div>\n<\/div>\n<div class=\"row pb-content-type-text\">\n<div class=\"col-xs-12 col-print-12\">\n<p class=\"element element-paragraph\"><strong>Mejor Direcci\u00f3n de Ficci\u00f3n\/Documental<\/strong><br \/>\nMar\u00eda Alch\u00e9 por<em>\u00a0Familia Sumergida<\/em><br \/>\nAgustina Comedi por\u00a0<em>El silencio es un cuerpo que cae<\/em><br \/>\nMariano Llin\u00e1s por\u00a0<em>La Flor<\/em><br \/>\nBenjam\u00edn Naishtat por<em>\u00a0Rojo<\/em><br \/>\nLuis Ortega por\u00a0<em>El \u00c1ngel<\/em><\/p>\n<\/div>\n<\/div>\n<div class=\"row pb-content-type-text\">\n<div class=\"col-xs-12 col-print-12\">\n<p class=\"element element-paragraph\"><strong>Mejor Actor<\/strong><br \/>\nLautaro Delgado por\u00a0<em>Unidad XV<\/em><br \/>\nDiego Gentile por\u00a0<em>Joel<\/em><br \/>\nDar\u00edo Grandinetti por\u00a0<em>Rojo<\/em><br \/>\nAlejo Mango por\u00a0<em>La cama<\/em><br \/>\nSergio Prina por\u00a0<em>El motoarrebatador<\/em><br \/>\nMiguel \u00c1ngel Sol\u00e1 por\u00a0<em>El \u00faltimo traje<\/em><\/p>\n<\/div>\n<\/div>\n<div class=\"row pb-content-type-text\">\n<div class=\"col-xs-12 col-print-12\">\n<p class=\"element element-paragraph\"><strong>Mejor Actriz<\/strong><br \/>\nVictoria Almeida por\u00a0<em>Joel<\/em><br \/>\nValeria Bertuccelli por\u00a0<em>La reina del miedo<\/em><br \/>\nElisa Carricajo, Valeria Correa, Pilar Gamboa y Laura Paredes por\u00a0<em>La Flor<\/em><br \/>\nMercedes Mor\u00e1n por\u00a0<em>Familia Sumergida<\/em><br \/>\nSandra Sandrini por\u00a0La cama<\/p>\n<\/div>\n<\/div>\n<div class=\"row pb-content-type-text\">\n<div class=\"col-xs-12 col-print-12\">\n<p class=\"element element-paragraph\"><strong>Mejor Actor de Reparto<\/strong><br \/>\nDiego Cremonesi por\u00a0<em>Rojo<\/em><br \/>\nGerm\u00e1n de Silva por\u00a0<em>La educaci\u00f3n del rey<\/em><br \/>\nDaniel Fanego por\u00a0<em>El \u00c1ngel<\/em><br \/>\nArturo Puig por\u00a0<em>Camino Sinuoso<\/em><br \/>\nDiego Vel\u00e1zquez por\u00a0<em>La reina del miedo<\/em><\/p>\n<\/div>\n<\/div>\n<div class=\"row pb-content-type-text\">\n<div class=\"col-xs-12 col-print-12\">\n<p class=\"element element-paragraph\"><strong>Mejor Actriz de Reparto<\/strong><br \/>\nGraciela Borges por\u00a0<em>La Quietud<\/em><br \/>\nAndrea Frigerio por\u00a0<em>Rojo<\/em><br \/>\nMercedes Mor\u00e1n por<em>\u00a0El \u00c1ngel<\/em><br \/>\nFlorencia Pe\u00f1a por\u00a0<em>El Potro, lo mejor del amor<\/em><br \/>\nCecilia Roth por\u00a0<em>El \u00c1ngel<\/em><\/p>\n<\/div>\n<\/div>\n<div class=\"row pb-content-type-text\">\n<div class=\"col-xs-12 col-print-12\">\n<p class=\"element element-paragraph\"><strong>Revelaci\u00f3n Masculina en Ficci\u00f3n y\/o Documental<\/strong><br \/>\nMat\u00edas Encinas por<em>\u00a0La educaci\u00f3n del rey<\/em><br \/>\nLorenzo Ferro por\u00a0<em>El \u00c1ngel<\/em><br \/>\nAngelo Mutti Spinetta por\u00a0<em>Mi mejor amigo<\/em><br \/>\nJoel Nogueira por<em>\u00a0Joel<\/em><br \/>\nRodrigo Romero por\u00a0<em>El Potro, lo mejor del amor<\/em><br \/>\nWalter Rodr\u00edguez por\u00a0<em>Marilyn<\/em><\/p>\n<\/div>\n<\/div>\n<div class=\"row pb-content-type-text\">\n<div class=\"col-xs-12 col-print-12\">\n<p class=\"element element-paragraph\"><strong>Revelaci\u00f3n Femenina en Ficci\u00f3n y\/o Documental<\/strong><br \/>\nEsther D\u00edaz por\u00a0<em>Mujer n\u00f3made<\/em><br \/>\nMartina Garello por<em>\u00a0Hasta que me desates<\/em><br \/>\nLaura Grandinetti por\u00a0<em>Rojo<\/em><br \/>\nSary L\u00f3pez por\u00a0<em>La reina del miedo<\/em><br \/>\nHuenu Paz Paredes por\u00a0<em>Yo, ni\u00f1a<\/em><\/p>\n<\/div>\n<\/div>\n<div class=\"row pb-content-type-text\">\n<div class=\"col-xs-12 col-print-12\">\n<p class=\"element element-paragraph\"><strong>Guion Original<\/strong><br \/>\nValeria Bertuccelli por\u00a0<em>La reina del miedo<\/em><br \/>\nMariano Llin\u00e1s por\u00a0<em>La Flor<\/em><br \/>\nBenjam\u00edn Naishtat por\u00a0<em>Rojo<\/em><br \/>\nRodolfo Palacios, Luis Ortega y Sergio Olgu\u00edn por\u00a0<em>El \u00c1ngel<\/em><br \/>\nCarlos Sor\u00edn por<em>\u00a0Joel<\/em><\/p>\n<\/div>\n<\/div>\n<div class=\"row pb-content-type-text\">\n<div class=\"col-xs-12 col-print-12\">\n<p class=\"element element-paragraph\"><strong>Guion Adaptado<\/strong><br \/>\nLola Arias por Teatro de guerra, basado en la obra teatral Campo Minado de la misma autora.<\/p>\n<\/div>\n<\/div>\n<div class=\"row pb-content-type-text\">\n<div class=\"col-xs-12 col-print-12\">\n<p class=\"element element-paragraph\">Jorge Leandro Col\u00e1s por Barrefondo, basado en la novela hom\u00f3nima de F\u00e9lix Bruzzone.<\/p>\n<\/div>\n<\/div>\n<div class=\"row pb-content-type-text\">\n<div class=\"col-xs-12 col-print-12\">\n<p class=\"element element-paragraph\">Nicol\u00e1s Gil Lavedra y Emiliano Torres por Las grietas de Jara, basado el libro hom\u00f3nimo de Claudia Pi\u00f1eiro.<\/p>\n<\/div>\n<\/div>\n<div class=\"row pb-content-type-text\">\n<div class=\"col-xs-12 col-print-12\">\n<p class=\"element element-paragraph\"><strong>Mejor Fotograf\u00eda<\/strong><br \/>\nJuli\u00e1n Apeztegu\u00eda por\u00a0<em>El \u00c1ngel<\/em><br \/>\nKris Niklison por\u00a0<em>Vergel<\/em><br \/>\nIv\u00e1n Gierasinchuk por\u00a0<em>Joel<\/em><br \/>\nAgust\u00edn Mendilaharzu por\u00a0<em>La Flor<\/em><br \/>\nPedro Sotero por\u00a0<em>Rojo<\/em><\/p>\n<\/div>\n<\/div>\n<div class=\"row pb-content-type-text\">\n<div class=\"col-xs-12 col-print-12\">\n<p class=\"element element-paragraph\"><strong>Montaje<\/strong><br \/>\nLionel Cornistein por\u00a0<em>Aterrados<\/em><br \/>\nAlejandro Brodersohn por\u00a0<em>El Potro, lo mejor del amor<\/em><br \/>\nGuille Gatti por\u00a0<em>El \u00c1ngel<\/em><br \/>\nAlejo Moguillansky y Agust\u00edn Rolandelli por\u00a0<em>La Flor<\/em><br \/>\nAndr\u00e9s Quaranta por\u00a0<em>Rojo<\/em><\/p>\n<\/div>\n<\/div>\n<div class=\"row pb-content-type-text\">\n<div class=\"col-xs-12 col-print-12\">\n<p class=\"element element-paragraph\"><strong>Sonido<\/strong><br \/>\nLeandro de Loredo por\u00a0<em>El Potro, lo mejor del amor<\/em><br \/>\nJos\u00e9 Luis D\u00edaz por\u00a0<em>El \u00c1ngel<\/em><br \/>\nJulia Huberman por\u00a0<em>Familia sumergida<\/em><br \/>\nFernando Ribero por\u00a0<em>Rojo<\/em><br \/>\nCatriel Vildosola por\u00a0<em>El motoarrebatador<\/em><\/p>\n<\/div>\n<\/div>\n<div class=\"row pb-content-type-text\">\n<div class=\"col-xs-12 col-print-12\">\n<p class=\"element element-paragraph\"><strong>M\u00fasica Original<\/strong><br \/>\nGabriel Chwojnik por\u00a0<em>La Flor<\/em><br \/>\nGabriel Fern\u00e1ndez Capello y H\u00e9ctor Castillo por\u00a0<em>La reina del miedo<\/em><br \/>\nMoondog por\u00a0<em>El \u00c1ngel<\/em><br \/>\nNicol\u00e1s Sor\u00edn por\u00a0<em>Joel<\/em><br \/>\nVincent van Warmerdam por\u00a0<em>Rojo<\/em><\/p>\n<\/div>\n<\/div>\n<div class=\"row pb-content-type-text\">\n<div class=\"col-xs-12 col-print-12\">\n<p class=\"element element-paragraph\"><strong>Canci\u00f3n para pel\u00edcula<\/strong><br \/>\n\u00abEl origen de la tristeza\u00bb, de\u00a0<em>El origen de la tristeza<\/em>. Letra y M\u00fasica Walter Piancioli. Interprete Los Tipitos<br \/>\n\u00abLas ausencias\u00bb, de<em>\u00a0El camino<\/em>\u00a0de Santiago. Letra, m\u00fasica e int\u00e9rprete: Le\u00f3n Gieco<br \/>\n\u00abLo que m\u00e1s busco\u00bb, de<em>\u00a0Mi mejor amigo.<\/em>\u00a0Letra: Daniel Su\u00e1rez. M\u00fasica: Daniel Su\u00e1rez y Pepe C\u00e9spedes. Int\u00e9rprete Bersuit Vergarabat<br \/>\n\u00abReyes de la soledad\u00bb de\u00a0<em>La reina del miedo<\/em>. Letra y M\u00fasica: Gabriel Fern\u00e1ndez Capello. Int\u00e9rprete Vicentico.<br \/>\n\u00abYo soy el Fuego\u00bb, de\u00a0<em>La Flor<\/em>. Letra Mariano Llin\u00e1s. M\u00fasica Gabriel Chwojnik. Int\u00e9rprete: Grupo Siempreverde<\/p>\n<\/div>\n<\/div>\n<div class=\"row pb-content-type-text\">\n<div class=\"col-xs-12 col-print-12\">\n<p class=\"element element-paragraph\"><strong>Dise\u00f1o de Vestuario<\/strong><br \/>\nPatricia Conta por\u00a0<em>El Potro, lo mejor del amor<\/em><br \/>\nJam Monti por<em>\u00a0Rojo<\/em><br \/>\nCarolina Sosa Loyola y Flora Caligiuri por\u00a0<em>La Flor<\/em><br \/>\nJulio Su\u00e1rez por\u00a0<em>El \u00c1ngel<\/em><br \/>\nMarcela Vilari\u00f1o por\u00a0<em>No llores por m\u00ed, Inglaterra<\/em><\/p>\n<\/div>\n<\/div>\n<div class=\"row pb-content-type-text\">\n<div class=\"col-xs-12 col-print-12\">\n<p class=\"element element-paragraph\"><strong>Dise\u00f1o de Arte<\/strong><br \/>\nDaniela Calcagno y Eva Duarte por\u00a0<em>No llores por m\u00ed, Inglaterra<\/em><br \/>\nLaura Caligiuri por\u00a0<em>La Flor<\/em><br \/>\nJuan Cavia y Walter Corn\u00e1s por\u00a0<em>El Potro, lo mejor del amor<\/em><br \/>\nJulieta Dolinsky por\u00a0<em>Rojo<\/em><br \/>\nJulia Freid por\u00a0<em>El \u00c1ngel<\/em><\/p>\n<\/div>\n<\/div>\n<div class=\"row pb-content-type-text\">\n<div class=\"col-xs-12 col-print-12\">\n<p class=\"element element-paragraph\"><strong>Maquillaje y Peluquer\u00eda<\/strong><br \/>\nMarisa Amenta y Emanuel Mi\u00f1o por\u00a0<em>El \u00c1ngel<\/em><br \/>\nAlberto Moccia por\u00a0<em>La Flor<\/em><br \/>\nYamila Repalli por\u00a0<em>Aterrados<\/em><\/p>\n<\/div>\n<\/div>\n<div class=\"row pb-content-type-text\">\n<div class=\"col-xs-12 col-print-12\">\n<p class=\"element element-paragraph\"><strong>Mejor Cortometraje<\/strong><br \/>\n<em>El ni\u00f1o y la noche<\/em>, de Tom\u00e1s Morelli<br \/>\n<em>El liberado<\/em>, de Mart\u00edn Farina<br \/>\n<em>Las fuerzas<\/em>, de Paola Buentempo<br \/>\n<em>Aquel verano sin hogar<\/em>, de Santiago Reale<br \/>\n<em>Los bastardos<\/em>, de Tom\u00e1s Posse<br \/>\n<em>La de Messi<\/em>, de Mauro Iv\u00e1n Ojeda<\/p>\n<\/div>\n<\/div>\n<div class=\"row pb-content-type-text\">\n<div class=\"col-xs-12 col-print-12\">\n<p class=\"element element-paragraph\"><strong>Mejor Serie y\/o Telefilm<\/strong><br \/>\n<em>El marginal 2<\/em>, de Alejandro Ciancio e Israel Adri\u00e1n Caetano (TV P\u00fablica-Netflix)<br \/>\n<em>La ca\u00edda<\/em>, de Mario Segade (TV P\u00fablica)<br \/>\n<em>La chica que limpia<\/em>, de Lucas Combina (TV P\u00fablica)<br \/>\n<em>Morir de amor<\/em>, de Anah\u00ed Berneri (Telefe-Flow)<br \/>\n<em>Un gallo para esculapio 2<\/em>, de Bruno Stagnaro (Telefe-Flow)<\/p>\n<\/div>\n<\/div>\n<div class=\"row pb-content-type-text\">\n<div class=\"col-xs-12 col-print-12\">\n<p class=\"element element-paragraph\"><strong>Mejor Pel\u00edcula Iberoamericana<\/strong><br \/>\n<em>Dry Martina<\/em>, de Che Sandoval (Chile-Argentina)<br \/>\n<em>La noche de 12 a\u00f1os<\/em>, de \u00c1lvaro Brechner (Uruguay-Espa\u00f1a-Argentina)<br \/>\n<em>Las herederas<\/em>, de Marcelo Martinessi (Paraguay, Alemania, Uruguay, Brasil, Noruega)<br \/>\n<em>Roma<\/em>, de Alfonso Cuar\u00f3n (M\u00e9xico-EEUU)<br \/>\n<em>Una mujer fant\u00e1stica<\/em>, de Sebasti\u00e1n Lelio (Chile, Alemania, Espa\u00f1a, EEUU)<\/p>\n<\/div>\n<\/div>\n<div class=\"row pb-content-type-text\">\n<div class=\"col-xs-12 col-print-12\">\n<p class=\"element element-paragraph\"><strong>Mejor Pel\u00edcula en Lengua Extranjera<\/strong><br \/>\n<em>Cold War<\/em>, de Pawel Pawlikowski (Polonia)<br \/>\n<em>El hilo fantasma<\/em>, de Paul Thomas Anderson (Estados Unidos-Reino Unido)<br \/>\n<em>El infiltrado del KKKlan<\/em>, de Spike Lee (Estados Unidos)<br \/>\n<em>Proyecto Florida<\/em>, de Sean Baker (Estados Unidos)<br \/>\n<em>Visages Villages<\/em>, de Agn\u00e8s Varda y JR (Francia)<\/p>\n<\/div>\n<\/div>\n","protected":false},"excerpt":{"rendered":"<p>Las pel\u00edculas \u00abEl Angel\u00bb, de Luis Ortega y \u00abLa Flor\u00bb, de Mariano Llin\u00e1s encabezan la lista de las m\u00e1s nominadas. La entrega se realizar\u00e1 en junio pr\u00f3ximo. La Asociaci\u00f3n de Cronistas Cinematogr\u00e1ficos de la Argentina anunci\u00f3 las nominaciones a los Premios C\u00f3ndor de Plata. La ceremonia de la edici\u00f3n n\u00famero 67, que reconocer\u00e1 a las [&hellip;]<\/p>\n","protected":false},"author":1,"featured_media":62798,"comment_status":"closed","ping_status":"closed","sticky":false,"template":"","format":"standard","meta":{"_seopress_robots_primary_cat":"","_seopress_titles_title":"","_seopress_titles_desc":"","_seopress_robots_index":"","footnotes":""},"categories":[3],"tags":[23460,23461],"class_list":{"0":"post-62797","1":"post","2":"type-post","3":"status-publish","4":"format-standard","5":"has-post-thumbnail","7":"category-cine-y-series","8":"tag-nominados-a-los-premios-condor-de-plata","9":"tag-pelicula-el-angel"},"_links":{"self":[{"href":"https:\/\/www.cordobatimes.com\/showup\/wp-json\/wp\/v2\/posts\/62797","targetHints":{"allow":["GET"]}}],"collection":[{"href":"https:\/\/www.cordobatimes.com\/showup\/wp-json\/wp\/v2\/posts"}],"about":[{"href":"https:\/\/www.cordobatimes.com\/showup\/wp-json\/wp\/v2\/types\/post"}],"author":[{"embeddable":true,"href":"https:\/\/www.cordobatimes.com\/showup\/wp-json\/wp\/v2\/users\/1"}],"replies":[{"embeddable":true,"href":"https:\/\/www.cordobatimes.com\/showup\/wp-json\/wp\/v2\/comments?post=62797"}],"version-history":[{"count":0,"href":"https:\/\/www.cordobatimes.com\/showup\/wp-json\/wp\/v2\/posts\/62797\/revisions"}],"wp:featuredmedia":[{"embeddable":true,"href":"https:\/\/www.cordobatimes.com\/showup\/wp-json\/wp\/v2\/media\/62798"}],"wp:attachment":[{"href":"https:\/\/www.cordobatimes.com\/showup\/wp-json\/wp\/v2\/media?parent=62797"}],"wp:term":[{"taxonomy":"category","embeddable":true,"href":"https:\/\/www.cordobatimes.com\/showup\/wp-json\/wp\/v2\/categories?post=62797"},{"taxonomy":"post_tag","embeddable":true,"href":"https:\/\/www.cordobatimes.com\/showup\/wp-json\/wp\/v2\/tags?post=62797"}],"curies":[{"name":"wp","href":"https:\/\/api.w.org\/{rel}","templated":true}]}}