{"id":62775,"date":"2019-04-14T14:40:36","date_gmt":"2019-04-14T17:40:36","guid":{"rendered":"https:\/\/www.cordobatimes.com\/showup\/?p=62775"},"modified":"2019-04-14T14:40:36","modified_gmt":"2019-04-14T17:40:36","slug":"sergio-denis-llego-a-buenos-aires-para-continuar-su-tratamiento","status":"publish","type":"post","link":"https:\/\/www.cordobatimes.com\/showup\/famosos\/2019\/04\/14\/sergio-denis-llego-a-buenos-aires-para-continuar-su-tratamiento\/","title":{"rendered":"Sergio Denis lleg\u00f3 a Buenos Aires para continuar su tratamiento"},"content":{"rendered":"<article id=\"article-post\" class=\"first\">\n<h3 class=\"interiorCopete\"><strong>El cantante, que se encontraba internado en el Hospital \u00c1ngel Padilla tras el tremendo accidente que sufri\u00f3 durante un show, continuar\u00e1 su tratamiento en en el alg\u00fan sanatorio que la familia a\u00fan no precis\u00f3<\/strong><\/h3>\n<div class=\"separator-line\"><\/div>\n<div class=\"cuerpo\" data-twitter-link=\"https:\/\/twitter.com\/intent\/tweet?url=https:\/\/www.diariopopular.com.ar\/\/c390753&amp;via=poopulardiario&amp;related=Diario Popular&amp;text=\">\n<p>Tras poco m\u00e1s de 90 minutos de viaje,<strong>\u00a0Sergio Denis<\/strong>\u00a0lleg\u00f3 pasadas las 12.30 al aeroparque porte\u00f1o Jorge Newbery en un<strong>\u00a0vuelo de evacuaci\u00f3n sanitaria<\/strong>\u00a0que despeg\u00f3 del Aeropuerto Benjam\u00edn Matienzo de San Miguel de Tucum\u00e1n.<\/p>\n<\/div>\n<\/article>\n<article id=\"article-post\">\n<div class=\"cuerpo\" data-twitter-link=\"https:\/\/twitter.com\/intent\/tweet?url=https:\/\/www.diariopopular.com.ar\/\/c390753&amp;via=poopulardiario&amp;related=Diario Popular&amp;text=\">\n<p>En la pista esper\u00f3 una ambulancia que llev\u00f3 al compositor y cantante hasta un sanatorio -que la familia a\u00fan no precis\u00f3- donde continuar\u00e1 con su tratamiento tras haber ca\u00eddo al foso del Teatro Mercedes Sosa de la capital tucumana mientras ofrec\u00eda un recital el 11 de marzo pasado.<\/p>\n<p>El compositor y cantante continuar\u00e1 en Buenos Aires tras haber ca\u00eddo al foso del Teatro Mercedes Sosa de San Miguel de Tucum\u00e1n mientras ofrec\u00eda un recital el 11 de marzo pasado.<\/p>\n<p>\u00abLa Direcci\u00f3n del Hospital Padilla informa que en el d\u00eda de la fecha el paciente H\u00e9ctor Omar Hoffmann fue trasladado a la Ciudad Aut\u00f3noma de Buenos Aires para continuar con su tratamiento y rehabilitaci\u00f3n neurol\u00f3gica\u00bb, se\u00f1ala el parte m\u00e9dico difundido esta ma\u00f1ana.<\/p>\n<p>\u00abEl procedimiento fue coordinado entre el personal de la Terapia Intensiva 1 de esta instituci\u00f3n y el equipo de traslado a\u00e9reo sin complicaciones\u00bb agrega el parte y aclara que \u00abel paciente se encontraba estable, con sus par\u00e1metros vitales controlados\u00bb.<\/p>\n<p>Por \u00faltimo, la comunicaci\u00f3n oficial se\u00f1ala que \u00absus familiares directos estuvieron presentes en todo momento\u00bb.<\/p>\n<p>El jueves la directora del hospital Olga Fern\u00e1ndez, inform\u00f3 que el paciente estaba siendo sometido \u00aba una serie de estudios de control, cl\u00ednicos, bacteriol\u00f3gicos e im\u00e1genes tomogr\u00e1ficas para determinar si est\u00e1n dadas las condiciones \u00f3ptimas para un eventual traslado\u00bb.<\/p>\n<p>\u00abConforme al resultado de estos estudios se evaluar\u00e1 la conveniencia de una derivaci\u00f3n del paciente \u00abpara que contin\u00fae con su tratamiento y rehabilitaci\u00f3n neurol\u00f3gica\u00bb en otra instituci\u00f3n m\u00e9dica\u00bb, que a\u00fan la familia no precis\u00f3, explic\u00f3 Fern\u00e1ndez.<\/p>\n<p>Por su parte, el hijo de Denis, Federico Hoffman, public\u00f3 en su cuenta de Twitter tras conocerse la noticia del traslado de su padre que \u00abno veo la hora que pasen las horas \u00a1Ahora m\u00e1s que nunca Aguante!\u00bb.<\/p>\n<\/div>\n<\/article>\n","protected":false},"excerpt":{"rendered":"<p>El cantante, que se encontraba internado en el Hospital \u00c1ngel Padilla tras el tremendo accidente que sufri\u00f3 durante un show, continuar\u00e1 su tratamiento en en el alg\u00fan sanatorio que la familia a\u00fan no precis\u00f3 Tras poco m\u00e1s de 90 minutos de viaje,\u00a0Sergio Denis\u00a0lleg\u00f3 pasadas las 12.30 al aeroparque porte\u00f1o Jorge Newbery en un\u00a0vuelo de evacuaci\u00f3n [&hellip;]<\/p>\n","protected":false},"author":1,"featured_media":62776,"comment_status":"closed","ping_status":"closed","sticky":false,"template":"","format":"standard","meta":{"_seopress_robots_primary_cat":"","_seopress_titles_title":"","_seopress_titles_desc":"","_seopress_robots_index":"","footnotes":""},"categories":[4],"tags":[23256,23455],"class_list":{"0":"post-62775","1":"post","2":"type-post","3":"status-publish","4":"format-standard","5":"has-post-thumbnail","7":"category-famosos","8":"tag-estado-de-salud-de-sergio-denis","9":"tag-traslado-de-sergio-denis-a-buenos-aires"},"_links":{"self":[{"href":"https:\/\/www.cordobatimes.com\/showup\/wp-json\/wp\/v2\/posts\/62775","targetHints":{"allow":["GET"]}}],"collection":[{"href":"https:\/\/www.cordobatimes.com\/showup\/wp-json\/wp\/v2\/posts"}],"about":[{"href":"https:\/\/www.cordobatimes.com\/showup\/wp-json\/wp\/v2\/types\/post"}],"author":[{"embeddable":true,"href":"https:\/\/www.cordobatimes.com\/showup\/wp-json\/wp\/v2\/users\/1"}],"replies":[{"embeddable":true,"href":"https:\/\/www.cordobatimes.com\/showup\/wp-json\/wp\/v2\/comments?post=62775"}],"version-history":[{"count":0,"href":"https:\/\/www.cordobatimes.com\/showup\/wp-json\/wp\/v2\/posts\/62775\/revisions"}],"wp:featuredmedia":[{"embeddable":true,"href":"https:\/\/www.cordobatimes.com\/showup\/wp-json\/wp\/v2\/media\/62776"}],"wp:attachment":[{"href":"https:\/\/www.cordobatimes.com\/showup\/wp-json\/wp\/v2\/media?parent=62775"}],"wp:term":[{"taxonomy":"category","embeddable":true,"href":"https:\/\/www.cordobatimes.com\/showup\/wp-json\/wp\/v2\/categories?post=62775"},{"taxonomy":"post_tag","embeddable":true,"href":"https:\/\/www.cordobatimes.com\/showup\/wp-json\/wp\/v2\/tags?post=62775"}],"curies":[{"name":"wp","href":"https:\/\/api.w.org\/{rel}","templated":true}]}}