{"id":62746,"date":"2019-04-11T10:52:47","date_gmt":"2019-04-11T13:52:47","guid":{"rendered":"https:\/\/www.cordobatimes.com\/showup\/?p=62746"},"modified":"2019-04-11T10:52:47","modified_gmt":"2019-04-11T13:52:47","slug":"la-cantante-camila-cabello-debutara-en-cine-con-el-papel-de-cenicienta","status":"publish","type":"post","link":"https:\/\/www.cordobatimes.com\/showup\/cine-y-series\/2019\/04\/11\/la-cantante-camila-cabello-debutara-en-cine-con-el-papel-de-cenicienta\/","title":{"rendered":"La cantante Camila Cabello debutar\u00e1 en cine con el papel de Cenicienta"},"content":{"rendered":"<h3><strong>La \u00a0compositora estar\u00e1 al frente de la nueva versi\u00f3n de\u00a0La Cenicienta\u00a0que prepara Kay Cannon para Sony Pictures.\u00a0<\/strong><\/h3>\n<p>La cantante y compositora Camila Cabello ser\u00e1 la protagonista de la nueva versi\u00f3n de La Cenicienta que prepara Kay Cannon para Sony Pictures. Seg\u00fan informa Variety, Cabello ha conseguido el papel principal en nueva revisi\u00f3n del cl\u00e1sico cuento de hadas. Una versi\u00f3n que surgi\u00f3 de una idea de James Corden. <\/p>\n<p>La nueva Cenicienta ser\u00e1 una adaptaci\u00f3n musical del cl\u00e1sico, y Cabello no s\u00f3lo ser\u00e1 la protagonista, sino que participar\u00e1 en la creaci\u00f3n de las canciones. En \u00e9sta ocasi\u00f3n, la joven hu\u00e9rfana y su malvada madrastra se alejar\u00e1n de Disney, cuyas versiones, tanto de animaci\u00f3n como de imagen real, han sido grandes \u00e9xitos. <\/p>\n<p>Nacida en Cuba, Cabello estuvo en el grupo Fifth Harmony antes de iniciar su carrera en solitario, que despeg\u00f3 el a\u00f1o pasado con su single Havana y su disco debut Camilla, que se mantuvo el n1\u00ba en iTunes en m\u00e1s de 100 listas diferentes en todo el mundo. <\/p>\n<p>Kay Cannon por su parte es un escritor y director que fue nominado al Emmy por la comedia 30 Rock, y es el responsable de la franquicia Dando la nota. Hizo su debut como directora para Universal con la comedia Blockers, protagonizada por Kathryn Newton, Leslie Mann, Ike Barinholtz, y John Cena. <\/p>\n<p>Por el momento, Sony no ha revelado una fecha de estreno para la nueva versi\u00f3n de Cenicienta, pero se espera que la producci\u00f3n comience pr\u00f3ximamente.<\/p>\n","protected":false},"excerpt":{"rendered":"<p>La \u00a0compositora estar\u00e1 al frente de la nueva versi\u00f3n de\u00a0La Cenicienta\u00a0que prepara Kay Cannon para Sony Pictures.\u00a0 La cantante y compositora Camila Cabello ser\u00e1 la protagonista de la nueva versi\u00f3n de La Cenicienta que prepara Kay Cannon para Sony Pictures. Seg\u00fan informa Variety, Cabello ha conseguido el papel principal en nueva revisi\u00f3n del cl\u00e1sico cuento [&hellip;]<\/p>\n","protected":false},"author":1,"featured_media":62747,"comment_status":"closed","ping_status":"closed","sticky":false,"template":"","format":"standard","meta":{"_seopress_robots_primary_cat":"","_seopress_titles_title":"","_seopress_titles_desc":"","_seopress_robots_index":"","footnotes":""},"categories":[3],"tags":[23452,23451],"class_list":{"0":"post-62746","1":"post","2":"type-post","3":"status-publish","4":"format-standard","5":"has-post-thumbnail","7":"category-cine-y-series","8":"tag-camila-cabello-cenicienta","9":"tag-camila-cabello-debutara-en-cine"},"_links":{"self":[{"href":"https:\/\/www.cordobatimes.com\/showup\/wp-json\/wp\/v2\/posts\/62746","targetHints":{"allow":["GET"]}}],"collection":[{"href":"https:\/\/www.cordobatimes.com\/showup\/wp-json\/wp\/v2\/posts"}],"about":[{"href":"https:\/\/www.cordobatimes.com\/showup\/wp-json\/wp\/v2\/types\/post"}],"author":[{"embeddable":true,"href":"https:\/\/www.cordobatimes.com\/showup\/wp-json\/wp\/v2\/users\/1"}],"replies":[{"embeddable":true,"href":"https:\/\/www.cordobatimes.com\/showup\/wp-json\/wp\/v2\/comments?post=62746"}],"version-history":[{"count":0,"href":"https:\/\/www.cordobatimes.com\/showup\/wp-json\/wp\/v2\/posts\/62746\/revisions"}],"wp:featuredmedia":[{"embeddable":true,"href":"https:\/\/www.cordobatimes.com\/showup\/wp-json\/wp\/v2\/media\/62747"}],"wp:attachment":[{"href":"https:\/\/www.cordobatimes.com\/showup\/wp-json\/wp\/v2\/media?parent=62746"}],"wp:term":[{"taxonomy":"category","embeddable":true,"href":"https:\/\/www.cordobatimes.com\/showup\/wp-json\/wp\/v2\/categories?post=62746"},{"taxonomy":"post_tag","embeddable":true,"href":"https:\/\/www.cordobatimes.com\/showup\/wp-json\/wp\/v2\/tags?post=62746"}],"curies":[{"name":"wp","href":"https:\/\/api.w.org\/{rel}","templated":true}]}}