{"id":62733,"date":"2019-04-10T13:49:45","date_gmt":"2019-04-10T16:49:45","guid":{"rendered":"https:\/\/www.cordobatimes.com\/showup\/?p=62733"},"modified":"2019-04-10T14:53:39","modified_gmt":"2019-04-10T17:53:39","slug":"se-podra-ver-en-directo-por-youtube-el-festival-de-coachella","status":"publish","type":"post","link":"https:\/\/www.cordobatimes.com\/showup\/musica\/2019\/04\/10\/se-podra-ver-en-directo-por-youtube-el-festival-de-coachella\/","title":{"rendered":"Festival de Coachella: se podr\u00e1 ver en directo por YouTube"},"content":{"rendered":"<h3><strong>Se presentar\u00e1n Ariana Grande, Childish Gambino, Tame Impala y Billie Eilish.<\/strong><\/h3>\n<p>El Festival de Coachella, que se llevar\u00e1 a cabo los dos pr\u00f3ximos fines de semana en Indio, California, y en el que actuar\u00e1n Ariana Grande, Childish Gambino, Tame Impala y Billie Eilish, entre otros, podr\u00e1 verse en director por YouTube.<\/p>\n<p>As\u00ed lo anunci\u00f3 la plataforma digital a trav\u00e9s de un comunicado que reproduce la agencia Efe, en donde adem\u00e1s inform\u00f3 que tambi\u00e9n estrenar\u00e1 durante el recital la pel\u00edcula\u00a0Gueva Island, de Gambino, en la que aparece Rihanna.<\/p>\n<p>El famoso encuentro musical tendr\u00e1 lugar el viernes 12 de abril, el s\u00e1bado 13 y el domingo 14; y continuar\u00e1 el viernes 19 de abril, el s\u00e1bado 20 y el domingo 21.<\/p>\n<p>Adem\u00e1s de las figuras mencionadas, tambi\u00e9n estar\u00e1n presentes el grupo de K-Pop Blankpink, el rapero Wiz Khalifa, la espa\u00f1ola Rosal\u00eda, el trapero puertorrique\u00f1o Bad Bunny, el colombiano J Balvin y las chilenas Mon Laferte y Javiera Mena, entre otros.<\/p>\n","protected":false},"excerpt":{"rendered":"<p>Se presentar\u00e1n Ariana Grande, Childish Gambino, Tame Impala y Billie Eilish. El Festival de Coachella, que se llevar\u00e1 a cabo los dos pr\u00f3ximos fines de semana en Indio, California, y en el que actuar\u00e1n Ariana Grande, Childish Gambino, Tame Impala y Billie Eilish, entre otros, podr\u00e1 verse en director por YouTube. As\u00ed lo anunci\u00f3 la [&hellip;]<\/p>\n","protected":false},"author":1,"featured_media":62734,"comment_status":"closed","ping_status":"closed","sticky":false,"template":"","format":"standard","meta":{"_seopress_robots_primary_cat":"","_seopress_titles_title":"","_seopress_titles_desc":"","_seopress_robots_index":"","footnotes":""},"categories":[5],"tags":[23445,23444],"class_list":{"0":"post-62733","1":"post","2":"type-post","3":"status-publish","4":"format-standard","5":"has-post-thumbnail","7":"category-musica","8":"tag-cuando-es-el-festival-de-coachella","9":"tag-el-festival-de-coachella"},"_links":{"self":[{"href":"https:\/\/www.cordobatimes.com\/showup\/wp-json\/wp\/v2\/posts\/62733","targetHints":{"allow":["GET"]}}],"collection":[{"href":"https:\/\/www.cordobatimes.com\/showup\/wp-json\/wp\/v2\/posts"}],"about":[{"href":"https:\/\/www.cordobatimes.com\/showup\/wp-json\/wp\/v2\/types\/post"}],"author":[{"embeddable":true,"href":"https:\/\/www.cordobatimes.com\/showup\/wp-json\/wp\/v2\/users\/1"}],"replies":[{"embeddable":true,"href":"https:\/\/www.cordobatimes.com\/showup\/wp-json\/wp\/v2\/comments?post=62733"}],"version-history":[{"count":0,"href":"https:\/\/www.cordobatimes.com\/showup\/wp-json\/wp\/v2\/posts\/62733\/revisions"}],"wp:featuredmedia":[{"embeddable":true,"href":"https:\/\/www.cordobatimes.com\/showup\/wp-json\/wp\/v2\/media\/62734"}],"wp:attachment":[{"href":"https:\/\/www.cordobatimes.com\/showup\/wp-json\/wp\/v2\/media?parent=62733"}],"wp:term":[{"taxonomy":"category","embeddable":true,"href":"https:\/\/www.cordobatimes.com\/showup\/wp-json\/wp\/v2\/categories?post=62733"},{"taxonomy":"post_tag","embeddable":true,"href":"https:\/\/www.cordobatimes.com\/showup\/wp-json\/wp\/v2\/tags?post=62733"}],"curies":[{"name":"wp","href":"https:\/\/api.w.org\/{rel}","templated":true}]}}