{"id":62715,"date":"2019-04-09T17:07:38","date_gmt":"2019-04-09T20:07:38","guid":{"rendered":"https:\/\/cordobatimes.com\/showup\/?p=62715"},"modified":"2019-04-09T17:07:38","modified_gmt":"2019-04-09T20:07:38","slug":"los-locos-addams-primer-trailer-de-su-nueva-pelicula-animada","status":"publish","type":"post","link":"https:\/\/www.cordobatimes.com\/showup\/cine-y-series\/2019\/04\/09\/los-locos-addams-primer-trailer-de-su-nueva-pelicula-animada\/","title":{"rendered":"\u00abLos Locos Addams\u00bb: Primer tr\u00e1iler de su nueva pel\u00edcula animada"},"content":{"rendered":"<h3><strong>La cinta tiene fecha de estreno para octubre.<\/strong><\/h3>\n<p>La fecha de estreno es una alegor\u00eda: para las festividades de Hallowen saldr\u00e1 a la luz una nueva versi\u00f3n del cl\u00e1sico Los locos Addams, aunque en esta ocasi\u00f3n ser\u00e1 en formato animaci\u00f3n, y con una est\u00e9tica que remite mucho al cine de Tim Burton.<\/p>\n<p>La noticia salt\u00f3 desde la cuenta de Twitter de IMDb, y no tard\u00f3 en replicarse en sitios especializados, que ya comenzaron a especular respecto de las novedades de la cinta.<\/p>\n<p>Hasta el momento se sabe que Charlize Theron ser\u00e1 la voz de Morticia, mientras que Oscar Isaac le pondr\u00e1 el habla a Homero Addams. A ellos se suman Allison Janney como Margaux Needler, Nick Kroll como el t\u00edo Lucas y Bette Midler como la abuela Addams.<\/p>\n<p>Con guion de Pamela Petler, la cinta estar\u00e1 dirigida por Conrad Vernon (Shrek 2) y Greg Tiernan (Sausage Party), 7 e introduce al personaje de Chlo\u00eb Grace Moretz, que interpretar\u00e1 a la hija de la familia. As\u00ed lo anunci\u00f3 la actriz en su cuenta de Twitter.<\/p>\n<blockquote class=\"twitter-tweet\" data-lang=\"es\">\n<p dir=\"ltr\" lang=\"en\">Tomorrow you get to <a href=\"https:\/\/twitter.com\/meettheaddams?ref_src=twsrc%5Etfw\">@meettheaddams<\/a> \ud83d\udda4\ud83d\udd77 <a href=\"https:\/\/t.co\/8nDfzOuyHl\">pic.twitter.com\/8nDfzOuyHl<\/a><\/p>\n<p>\u2014 Chlo\u00eb Grace Moretz (@ChloeGMoretz) <a href=\"https:\/\/twitter.com\/ChloeGMoretz\/status\/1115324231368228864?ref_src=twsrc%5Etfw\">8 de abril de 2019<\/a><\/p><\/blockquote>\n<p><script async src=\"https:\/\/platform.twitter.com\/widgets.js\" charset=\"utf-8\"><\/script><\/p>\n<p><iframe loading=\"lazy\" src=\"https:\/\/www.youtube.com\/embed\/MahQdRvBShw\" width=\"560\" height=\"315\" frameborder=\"0\" allowfullscreen=\"allowfullscreen\"><\/iframe><\/p>\n","protected":false},"excerpt":{"rendered":"<p>La cinta tiene fecha de estreno para octubre. La fecha de estreno es una alegor\u00eda: para las festividades de Hallowen saldr\u00e1 a la luz una nueva versi\u00f3n del cl\u00e1sico Los locos Addams, aunque en esta ocasi\u00f3n ser\u00e1 en formato animaci\u00f3n, y con una est\u00e9tica que remite mucho al cine de Tim Burton. La noticia salt\u00f3 [&hellip;]<\/p>\n","protected":false},"author":1,"featured_media":62716,"comment_status":"closed","ping_status":"closed","sticky":false,"template":"","format":"standard","meta":{"_seopress_robots_primary_cat":"","_seopress_titles_title":"","_seopress_titles_desc":"","_seopress_robots_index":"","footnotes":""},"categories":[3],"tags":[23434,23433,23432],"class_list":{"0":"post-62715","1":"post","2":"type-post","3":"status-publish","4":"format-standard","5":"has-post-thumbnail","7":"category-cine-y-series","8":"tag-cine-de-tim-burton","9":"tag-clasico-los-locos-addams","10":"tag-pelicula-animada-de-los-locos-addams"},"_links":{"self":[{"href":"https:\/\/www.cordobatimes.com\/showup\/wp-json\/wp\/v2\/posts\/62715","targetHints":{"allow":["GET"]}}],"collection":[{"href":"https:\/\/www.cordobatimes.com\/showup\/wp-json\/wp\/v2\/posts"}],"about":[{"href":"https:\/\/www.cordobatimes.com\/showup\/wp-json\/wp\/v2\/types\/post"}],"author":[{"embeddable":true,"href":"https:\/\/www.cordobatimes.com\/showup\/wp-json\/wp\/v2\/users\/1"}],"replies":[{"embeddable":true,"href":"https:\/\/www.cordobatimes.com\/showup\/wp-json\/wp\/v2\/comments?post=62715"}],"version-history":[{"count":0,"href":"https:\/\/www.cordobatimes.com\/showup\/wp-json\/wp\/v2\/posts\/62715\/revisions"}],"wp:featuredmedia":[{"embeddable":true,"href":"https:\/\/www.cordobatimes.com\/showup\/wp-json\/wp\/v2\/media\/62716"}],"wp:attachment":[{"href":"https:\/\/www.cordobatimes.com\/showup\/wp-json\/wp\/v2\/media?parent=62715"}],"wp:term":[{"taxonomy":"category","embeddable":true,"href":"https:\/\/www.cordobatimes.com\/showup\/wp-json\/wp\/v2\/categories?post=62715"},{"taxonomy":"post_tag","embeddable":true,"href":"https:\/\/www.cordobatimes.com\/showup\/wp-json\/wp\/v2\/tags?post=62715"}],"curies":[{"name":"wp","href":"https:\/\/api.w.org\/{rel}","templated":true}]}}