{"id":62695,"date":"2019-04-08T17:04:22","date_gmt":"2019-04-08T20:04:22","guid":{"rendered":"https:\/\/cordobatimes.com\/showup\/?p=62695"},"modified":"2019-04-08T17:04:22","modified_gmt":"2019-04-08T20:04:22","slug":"ya-estan-disponibles-en-youtube-las-biografias-de-gustavo-cerati-y-charly-garcia-producidas-por-natgeo","status":"publish","type":"post","link":"https:\/\/www.cordobatimes.com\/showup\/musica\/2019\/04\/08\/ya-estan-disponibles-en-youtube-las-biografias-de-gustavo-cerati-y-charly-garcia-producidas-por-natgeo\/","title":{"rendered":"Ya est\u00e1n disponibles en youtube las biograf\u00edas de Gustavo Cerati y Charly Garc\u00eda producidas por NatGeo"},"content":{"rendered":"<h3><strong>Los documentales fueron estrenados por el canal de cable en noviembre del a\u00f1o pasado.<\/strong><\/h3>\n<p>Bios. Vidas que marcaron la tuya\u00bb, se llam\u00f3 la serie de documentales de Nat Geo que se estrenaron en noviembre pasado y en la que repasan la vida de tres enormes referentes de la m\u00fasica latinoamericana: Gustavo Cerati, Charly Garc\u00eda y Alex Lora, cantante de la emblem\u00e1tica banda mexicana El Tri.<\/p>\n<p>Por estos d\u00edas, la compa\u00f1\u00eda decidi\u00f3 publicar los docus en la versi\u00f3n latinoamericana su canal de YouTube y de esta manera est\u00e9n disponibles para todo p\u00fablico. Recordemos que primero estuvieron s\u00f3lo en Cablevisi\u00f3n Flow y luego en el paquete b\u00e1sico del cable. Ahora ya est\u00e1n en la web, hace unas semanas el de Garc\u00eda y desde este fin de semana, el de Cerati.<\/p>\n<p>Ambos productos son muy interesantes sobre todo por los testimonios que recogen: familiares, amigos, colegas y los propios protagonistas brindan datos y an\u00e9cdotas muy jugosas que vale la pena rescatar. Hay que verlos.<\/p>\n<p><iframe loading=\"lazy\" width=\"560\" height=\"315\" src=\"https:\/\/www.youtube.com\/embed\/YQVlC8SAyIY\" frameborder=\"0\" allow=\"accelerometer; autoplay; encrypted-media; gyroscope; picture-in-picture\" allowfullscreen><\/iframe><\/p>\n<p><iframe loading=\"lazy\" width=\"560\" height=\"315\" src=\"https:\/\/www.youtube.com\/embed\/eXF8GP5WkrM\" frameborder=\"0\" allow=\"accelerometer; autoplay; encrypted-media; gyroscope; picture-in-picture\" allowfullscreen><\/iframe><\/p>\n","protected":false},"excerpt":{"rendered":"<p>Los documentales fueron estrenados por el canal de cable en noviembre del a\u00f1o pasado. Bios. Vidas que marcaron la tuya\u00bb, se llam\u00f3 la serie de documentales de Nat Geo que se estrenaron en noviembre pasado y en la que repasan la vida de tres enormes referentes de la m\u00fasica latinoamericana: Gustavo Cerati, Charly Garc\u00eda y [&hellip;]<\/p>\n","protected":false},"author":1,"featured_media":62696,"comment_status":"closed","ping_status":"closed","sticky":false,"template":"","format":"standard","meta":{"_seopress_robots_primary_cat":"","_seopress_titles_title":"","_seopress_titles_desc":"","_seopress_robots_index":"","footnotes":""},"categories":[5],"tags":[23420],"class_list":{"0":"post-62695","1":"post","2":"type-post","3":"status-publish","4":"format-standard","5":"has-post-thumbnail","7":"category-musica","8":"tag-biografias-de-gustavo-cerati-y-charly-garcia"},"_links":{"self":[{"href":"https:\/\/www.cordobatimes.com\/showup\/wp-json\/wp\/v2\/posts\/62695","targetHints":{"allow":["GET"]}}],"collection":[{"href":"https:\/\/www.cordobatimes.com\/showup\/wp-json\/wp\/v2\/posts"}],"about":[{"href":"https:\/\/www.cordobatimes.com\/showup\/wp-json\/wp\/v2\/types\/post"}],"author":[{"embeddable":true,"href":"https:\/\/www.cordobatimes.com\/showup\/wp-json\/wp\/v2\/users\/1"}],"replies":[{"embeddable":true,"href":"https:\/\/www.cordobatimes.com\/showup\/wp-json\/wp\/v2\/comments?post=62695"}],"version-history":[{"count":0,"href":"https:\/\/www.cordobatimes.com\/showup\/wp-json\/wp\/v2\/posts\/62695\/revisions"}],"wp:featuredmedia":[{"embeddable":true,"href":"https:\/\/www.cordobatimes.com\/showup\/wp-json\/wp\/v2\/media\/62696"}],"wp:attachment":[{"href":"https:\/\/www.cordobatimes.com\/showup\/wp-json\/wp\/v2\/media?parent=62695"}],"wp:term":[{"taxonomy":"category","embeddable":true,"href":"https:\/\/www.cordobatimes.com\/showup\/wp-json\/wp\/v2\/categories?post=62695"},{"taxonomy":"post_tag","embeddable":true,"href":"https:\/\/www.cordobatimes.com\/showup\/wp-json\/wp\/v2\/tags?post=62695"}],"curies":[{"name":"wp","href":"https:\/\/api.w.org\/{rel}","templated":true}]}}