{"id":62689,"date":"2019-04-08T11:34:35","date_gmt":"2019-04-08T14:34:35","guid":{"rendered":"https:\/\/cordobatimes.com\/showup\/?p=62689"},"modified":"2019-04-08T11:34:35","modified_gmt":"2019-04-08T14:34:35","slug":"lanzaran-la-primer-cancion-del-disco-postumo-de-avicii","status":"publish","type":"post","link":"https:\/\/www.cordobatimes.com\/showup\/musica\/2019\/04\/08\/lanzaran-la-primer-cancion-del-disco-postumo-de-avicii\/","title":{"rendered":"Lanzar\u00e1n la primer canci\u00f3n  del disco p\u00f3stumo de Avicii"},"content":{"rendered":"<h3><strong>El dinero ganado con el\u00a0 pr\u00f3ximo disco ser\u00e1 destinado a la Fundaci\u00f3n Tim Bergling que apoya causas como la prevenci\u00f3n del suicidio y combate al calentamiento global.<\/strong><\/h3>\n<p>El primer sencillo p\u00f3stumo de Avicii ser\u00e1 lanzado esta semana y un \u00e1lbum completo estar\u00e1 disponible en junio.<\/p>\n<p>Los colaboradores del DJ y productor sueco dijeron en un comunicado el viernes que Avicii estaba cerca de completar este nuevo \u00e1lbum antes de morir en abril pasado en Mascate, Om\u00e1n, a los 28 a\u00f1os. Los co-compositores de las canciones continuaron trabajando en las piezas para terminarlas y el sencillo SOS ser\u00e1 lanzado el 10 de abril.<\/p>\n<p>El \u00e1lbum titulado TIM ser\u00e1 lanzado el 6 de junio.<\/p>\n<p>El equipo de Avicii dice que desde que falleci\u00f3 \u00abla familia decidi\u00f3 no guardar la m\u00fasica, en cambio quer\u00edan compartirla con sus fans alrededor del mundo\u00bb.<\/p>\n<p>El artista nominado al Grammy, cuyo nombre verdadero era Tim Bergling, se present\u00f3 en conciertos abarrotados en todo el mundo y tuvo un gran \u00e9xito en la radio pop de Estados Unidos con su canci\u00f3n Wake Me Up. En 2016 anunci\u00f3 que se retirar\u00eda de los escenarios, aunque sigui\u00f3 produciendo canciones y \u00e1lbumes.<\/p>\n","protected":false},"excerpt":{"rendered":"<p>El dinero ganado con el\u00a0 pr\u00f3ximo disco ser\u00e1 destinado a la Fundaci\u00f3n Tim Bergling que apoya causas como la prevenci\u00f3n del suicidio y combate al calentamiento global. El primer sencillo p\u00f3stumo de Avicii ser\u00e1 lanzado esta semana y un \u00e1lbum completo estar\u00e1 disponible en junio. Los colaboradores del DJ y productor sueco dijeron en un [&hellip;]<\/p>\n","protected":false},"author":1,"featured_media":62690,"comment_status":"closed","ping_status":"closed","sticky":false,"template":"","format":"standard","meta":{"_seopress_robots_primary_cat":"","_seopress_titles_title":"","_seopress_titles_desc":"","_seopress_robots_index":"","footnotes":""},"categories":[5],"tags":[23416,23417,23415],"class_list":{"0":"post-62689","1":"post","2":"type-post","3":"status-publish","4":"format-standard","5":"has-post-thumbnail","7":"category-musica","8":"tag-disco-postumo-de-avicii","9":"tag-fundacion-tim-bergling","10":"tag-primer-cancion-del-disco-postumo-de-avicii"},"_links":{"self":[{"href":"https:\/\/www.cordobatimes.com\/showup\/wp-json\/wp\/v2\/posts\/62689","targetHints":{"allow":["GET"]}}],"collection":[{"href":"https:\/\/www.cordobatimes.com\/showup\/wp-json\/wp\/v2\/posts"}],"about":[{"href":"https:\/\/www.cordobatimes.com\/showup\/wp-json\/wp\/v2\/types\/post"}],"author":[{"embeddable":true,"href":"https:\/\/www.cordobatimes.com\/showup\/wp-json\/wp\/v2\/users\/1"}],"replies":[{"embeddable":true,"href":"https:\/\/www.cordobatimes.com\/showup\/wp-json\/wp\/v2\/comments?post=62689"}],"version-history":[{"count":0,"href":"https:\/\/www.cordobatimes.com\/showup\/wp-json\/wp\/v2\/posts\/62689\/revisions"}],"wp:featuredmedia":[{"embeddable":true,"href":"https:\/\/www.cordobatimes.com\/showup\/wp-json\/wp\/v2\/media\/62690"}],"wp:attachment":[{"href":"https:\/\/www.cordobatimes.com\/showup\/wp-json\/wp\/v2\/media?parent=62689"}],"wp:term":[{"taxonomy":"category","embeddable":true,"href":"https:\/\/www.cordobatimes.com\/showup\/wp-json\/wp\/v2\/categories?post=62689"},{"taxonomy":"post_tag","embeddable":true,"href":"https:\/\/www.cordobatimes.com\/showup\/wp-json\/wp\/v2\/tags?post=62689"}],"curies":[{"name":"wp","href":"https:\/\/api.w.org\/{rel}","templated":true}]}}