{"id":62670,"date":"2019-04-05T10:47:42","date_gmt":"2019-04-05T13:47:42","guid":{"rendered":"https:\/\/cordobatimes.com\/showup\/?p=62670"},"modified":"2019-04-05T10:47:42","modified_gmt":"2019-04-05T13:47:42","slug":"britney-spears-tuvo-que-ser-internada-en-una-clinica-psiquiatrica","status":"publish","type":"post","link":"https:\/\/www.cordobatimes.com\/showup\/musica\/2019\/04\/05\/britney-spears-tuvo-que-ser-internada-en-una-clinica-psiquiatrica\/","title":{"rendered":"Britney Spears tuvo  que ser internada en una cl\u00ednica psiqui\u00e1trica"},"content":{"rendered":"<h3><strong>Seg\u00fan ha revelado el reconocido portal TMZ, la int\u00e9rprete de \u201cBaby one more time\u201d se someter\u00e1 a un tratamiento que durar\u00e1 30 d\u00edas aproximadamente.<\/strong><\/h3>\n<p>Britney Spears pas\u00f3 d\u00edas de mucha preocupaci\u00f3n debido al delicado estado de salud de su padre. La angustia y depresi\u00f3n, finalmente, provocaron que la artista colapsara y decidiera que lo mejor para su persona era ingresar a una cl\u00ednica psiqui\u00e1trica con la intenci\u00f3n de recuperarse lo antes posible.<\/p>\n<p>Con una postal de su infancia, \u201cla princesa del pop\u201d les adelant\u00f3 a sus seguidores que har\u00e1 un parate necesario para recomponerse. Sus fan\u00e1ticos se sorprendieron ya que hace algunos a\u00f1os tambi\u00e9n hab\u00eda sido hospitalizada por un desequilibrio emocional.<\/p>\n<blockquote class=\"instagram-media\" style=\"background: #FFF; border: 0; border-radius: 3px; box-shadow: 0 0 1px 0 rgba(0,0,0,0.5),0 1px 10px 0 rgba(0,0,0,0.15); margin: 1px; max-width: 540px; min-width: 326px; padding: 0; width: calc(100% - 2px);\" data-instgrm-captioned=\"\" data-instgrm-permalink=\"https:\/\/www.instagram.com\/p\/BsOGMGIAXLe\/?utm_source=ig_embed&amp;utm_medium=loading\" data-instgrm-version=\"12\">\n<div style=\"padding: 16px;\">\n<p>&nbsp;<\/p>\n<div style=\"display: flex; flex-direction: row; align-items: center;\">\n<div style=\"background-color: #f4f4f4; border-radius: 50%; flex-grow: 0; height: 40px; margin-right: 14px; width: 40px;\"><\/div>\n<div style=\"display: flex; flex-direction: column; flex-grow: 1; justify-content: center;\">\n<div style=\"background-color: #f4f4f4; border-radius: 4px; flex-grow: 0; height: 14px; margin-bottom: 6px; width: 100px;\"><\/div>\n<div style=\"background-color: #f4f4f4; border-radius: 4px; flex-grow: 0; height: 14px; width: 60px;\"><\/div>\n<\/div>\n<\/div>\n<div style=\"padding: 19% 0;\"><\/div>\n<div style=\"display: block; height: 50px; margin: 0 auto 12px; width: 50px;\"><\/div>\n<div style=\"padding-top: 8px;\">\n<div style=\"color: #3897f0; font-family: Arial,sans-serif; font-size: 14px; font-style: normal; font-weight: 550; line-height: 18px;\">Ver esta publicaci\u00f3n en Instagram<\/div>\n<\/div>\n<div style=\"padding: 12.5% 0;\"><\/div>\n<div style=\"display: flex; flex-direction: row; margin-bottom: 14px; align-items: center;\">\n<div>\n<div style=\"background-color: #f4f4f4; border-radius: 50%; height: 12.5px; width: 12.5px; transform: translateX(0px) translateY(7px);\"><\/div>\n<div style=\"background-color: #f4f4f4; height: 12.5px; transform: rotate(-45deg) translateX(3px) translateY(1px); width: 12.5px; flex-grow: 0; margin-right: 14px; margin-left: 2px;\"><\/div>\n<div style=\"background-color: #f4f4f4; border-radius: 50%; height: 12.5px; width: 12.5px; transform: translateX(9px) translateY(-18px);\"><\/div>\n<\/div>\n<div style=\"margin-left: 8px;\">\n<div style=\"background-color: #f4f4f4; border-radius: 50%; flex-grow: 0; height: 20px; width: 20px;\"><\/div>\n<div style=\"width: 0; height: 0; border-top: 2px solid transparent; border-left: 6px solid #f4f4f4; border-bottom: 2px solid transparent; transform: translateX(16px) translateY(-4px) rotate(30deg);\"><\/div>\n<\/div>\n<div style=\"margin-left: auto;\">\n<div style=\"width: 0px; border-top: 8px solid #F4F4F4; border-right: 8px solid transparent; transform: translateY(16px);\"><\/div>\n<div style=\"background-color: #f4f4f4; flex-grow: 0; height: 12px; width: 16px; transform: translateY(-4px);\"><\/div>\n<div style=\"width: 0; height: 0; border-top: 8px solid #F4F4F4; border-left: 8px solid transparent; transform: translateY(-4px) translateX(8px);\"><\/div>\n<\/div>\n<\/div>\n<p>&nbsp;<\/p>\n<p style=\"margin: 8px 0 0 0; padding: 0 4px;\"><a style=\"color: #000; font-family: Arial,sans-serif; font-size: 14px; font-style: normal; font-weight: normal; line-height: 17px; text-decoration: none; word-wrap: break-word;\" href=\"https:\/\/www.instagram.com\/p\/BsOGMGIAXLe\/?utm_source=ig_embed&amp;utm_medium=loading\" target=\"_blank\" rel=\"noopener noreferrer\">I don\u2019t even know where to start with this, because this is so tough for me to say. I will not be performing my new show Domination. I\u2019ve been looking forward to this show and seeing all of you this year, so doing this breaks my heart. However, it\u2019s important to always put your family first\u2026 and that\u2019s the decision I had to make. A couple of months ago, my father was hospitalized and almost died. We\u2019re all so grateful that he came out of it alive, but he still has a long road ahead of him. I had to make the difficult decision to put my full focus and energy on my family at this time. I hope you all can understand. More information on ticket refunds is available on britneyspears.com. I appreciate your prayers and support for my family during this time. Thank you, and love you all\u2026 always.<\/a><\/p>\n<p style=\"color: #c9c8cd; font-family: Arial,sans-serif; font-size: 14px; line-height: 17px; margin-bottom: 0; margin-top: 8px; overflow: hidden; padding: 8px 0 7px; text-align: center; text-overflow: ellipsis; white-space: nowrap;\">Una publicaci\u00f3n compartida de <a style=\"color: #c9c8cd; font-family: Arial,sans-serif; font-size: 14px; font-style: normal; font-weight: normal; line-height: 17px;\" href=\"https:\/\/www.instagram.com\/britneyspears\/?utm_source=ig_embed&amp;utm_medium=loading\" target=\"_blank\" rel=\"noopener noreferrer\"> Britney Spears<\/a> (@britneyspears) el <time style=\"font-family: Arial,sans-serif; font-size: 14px; line-height: 17px;\" datetime=\"2019-01-04T17:01:02+00:00\">4 Ene, 2019 a las 9:01 PST<\/time><\/p>\n<\/div>\n<\/blockquote>\n<p><script async src=\"\/\/www.instagram.com\/embed.js\"><\/script><\/p>\n<p>Es importante poner a la familia primero. Hace unos meses mi padre fue hospitalizado y casi muere. Estoy tan agradecida de que est\u00e9 vivo, pero a\u00fan hay un largo camino por delante\u201d, redact\u00f3 la estrella en su cuenta personal de Instagram, en la que tiene un total de 21,6 millones de \u201cfollowers\u201d.<\/p>\n<p>Si bien no detall\u00f3 cu\u00e1l es la enfermedad que afecta a su progenitor, aclar\u00f3 que contin\u00faa en tratamiento y que se vienen meses dif\u00edciles. La cantante seguir\u00e1 las novedades a la distancia, mientras recobra fuerzas para regresar a los escenarios.<\/p>\n","protected":false},"excerpt":{"rendered":"<p>Seg\u00fan ha revelado el reconocido portal TMZ, la int\u00e9rprete de \u201cBaby one more time\u201d se someter\u00e1 a un tratamiento que durar\u00e1 30 d\u00edas aproximadamente. Britney Spears pas\u00f3 d\u00edas de mucha preocupaci\u00f3n debido al delicado estado de salud de su padre. La angustia y depresi\u00f3n, finalmente, provocaron que la artista colapsara y decidiera que lo mejor [&hellip;]<\/p>\n","protected":false},"author":1,"featured_media":62671,"comment_status":"closed","ping_status":"closed","sticky":false,"template":"","format":"standard","meta":{"_seopress_robots_primary_cat":"","_seopress_titles_title":"","_seopress_titles_desc":"","_seopress_robots_index":"","footnotes":""},"categories":[5],"tags":[23411,23410],"class_list":{"0":"post-62670","1":"post","2":"type-post","3":"status-publish","4":"format-standard","5":"has-post-thumbnail","7":"category-musica","8":"tag-britney-spears-en-una-clinica-psiquiatrica","9":"tag-britney-spears-internada"},"_links":{"self":[{"href":"https:\/\/www.cordobatimes.com\/showup\/wp-json\/wp\/v2\/posts\/62670","targetHints":{"allow":["GET"]}}],"collection":[{"href":"https:\/\/www.cordobatimes.com\/showup\/wp-json\/wp\/v2\/posts"}],"about":[{"href":"https:\/\/www.cordobatimes.com\/showup\/wp-json\/wp\/v2\/types\/post"}],"author":[{"embeddable":true,"href":"https:\/\/www.cordobatimes.com\/showup\/wp-json\/wp\/v2\/users\/1"}],"replies":[{"embeddable":true,"href":"https:\/\/www.cordobatimes.com\/showup\/wp-json\/wp\/v2\/comments?post=62670"}],"version-history":[{"count":0,"href":"https:\/\/www.cordobatimes.com\/showup\/wp-json\/wp\/v2\/posts\/62670\/revisions"}],"wp:featuredmedia":[{"embeddable":true,"href":"https:\/\/www.cordobatimes.com\/showup\/wp-json\/wp\/v2\/media\/62671"}],"wp:attachment":[{"href":"https:\/\/www.cordobatimes.com\/showup\/wp-json\/wp\/v2\/media?parent=62670"}],"wp:term":[{"taxonomy":"category","embeddable":true,"href":"https:\/\/www.cordobatimes.com\/showup\/wp-json\/wp\/v2\/categories?post=62670"},{"taxonomy":"post_tag","embeddable":true,"href":"https:\/\/www.cordobatimes.com\/showup\/wp-json\/wp\/v2\/tags?post=62670"}],"curies":[{"name":"wp","href":"https:\/\/api.w.org\/{rel}","templated":true}]}}