{"id":62655,"date":"2019-04-02T10:52:10","date_gmt":"2019-04-02T13:52:10","guid":{"rendered":"https:\/\/www.cordobatimes.com\/showup\/?p=62655"},"modified":"2019-04-02T10:52:10","modified_gmt":"2019-04-02T13:52:10","slug":"dia-mundial-del-autismo-el-autismo-desde-una-nueva-mirada","status":"publish","type":"post","link":"https:\/\/www.cordobatimes.com\/showup\/sociedad\/2019\/04\/02\/dia-mundial-del-autismo-el-autismo-desde-una-nueva-mirada\/","title":{"rendered":"Dia Mundial del Autismo:  El autismo desde una nueva mirada"},"content":{"rendered":"<h3><strong>La importancia de facilitar la integraci\u00f3n de las personas con trastornos del espectro autista.<\/strong><\/h3>\n<p>Sabemos reconocer a una persona con s\u00edndrome de Down, o a una persona ciega o en silla de ruedas, pero hay una discapacidad enigm\u00e1tica, renombrada y casi desconocida: el\u00a0autismo.<\/p>\n<p>El autismo puede verse desde fuera o dentro. La mirada cient\u00edfica -la historia, definici\u00f3n, rasgos, etc.- casi obvia a la persona. Podr\u00edamos decir que es una mirada \u00fatil pero insuficiente; no capta su intimidad.<\/p>\n<p>Hoy, el autismo es llamado \u201cEpidemia del Siglo XXI\u201d por su alta incidencia: ocurre en 1 de cada 160 nacimientos; en 1950 la proporci\u00f3n era de 1 en 10.000.<\/p>\n<p>Pero, \u00bfqu\u00e9 es el autismo? Es una condici\u00f3n, no una enfermedad. Es un complejo trastorno del neurodesarrollo cuyo origen m\u00faltiple no ha sido a\u00fan explicado por la teor\u00eda. En la actualidad, se habla de los <strong>Trastornos del Espectro Autista (TEA),<\/strong> d\u00e9ficits en la comunicaci\u00f3n e interacci\u00f3n social en varios contextos con conducta, inter\u00e9s o actividad restrictiva repetitiva que limita lo social-laboral en niveles de gravedad y requiere apoyo.<\/p>\n<p>En 2018, Barry M. Prizant -en su libro\u00a0\u201cSeres humanos \u00fanicos: Una manera diferente de ver el autismo\u201d- introdujo un nuevo paradigma para comprender \u201ccon estrategias de afrontamiento, adaptaci\u00f3n, comunicaci\u00f3n y relaci\u00f3n, un mundo que perciben abrumador y aterrador\u201d.<\/p>\n<p>Las personas con autismo experimentan desregulaci\u00f3n emocional, sensaci\u00f3n de inquietud, ansiedad y confusi\u00f3n, con menos destrezas de afrontamiento. Hay que reconocer esos comportamientos y darles estrategias.\u00a0Su conducta no es un capricho poco colaborador e indisciplinado. Su conducta, no es desaf\u00edo, agresi\u00f3n ni desobediencia deliberada, sino susto y ansiedad.<\/p>\n<p>Consideremos otra caracter\u00edstica,\u00a0la Ecolalia, esa perturbaci\u00f3n del lenguaje que consiste en repetir una palabra o frase que la persona acaba de o\u00edr o pronunciar. En la persona con autismo cualquier dolor, entusiasmo, alegr\u00eda puede volverse un eco; rasgo problem\u00e1tico u obst\u00e1culo para la integraci\u00f3n.<\/p>\n<p>\u00bfPor qu\u00e9, entonces, definir a las personas con autismo a partir de sus deficiencias? \u00bfPor qu\u00e9 tratarlos como un problema por resolver y no como una persona que comprender? \u00bfQu\u00e9 motiva su comportamiento, su balanceo, el alinear objetos, el mirarse las manos, el moverlas ante sus ojos o repetir frases?<\/p>\n<p>Una visi\u00f3n\u00a0m\u00e1s humana\u00a0se propone comprender las dificultades de la persona con TEA, desde dentro.<\/p>\n<p>Mary Temple Grandin\u00a0es Doctora en Ciencia Animal por la Universidad de Illinois y profesora en la Universidad de Colorado. Fue una de las primeras personas con espectro autista en compartir p\u00fablicamente su experiencia personal de autismo:\u00a0\u201cMuchos ruidos se perciben dolorosos, como cuando el dentista toca un nervio\u201d.<\/p>\n<p>John Sinclair,\u00a0tiene S\u00edndrome de Asperger. Su discurso en la Conferencia Internacional de Autismo en el a\u00f1o 1993 fue tan impactante que a\u00fan sigue vigente: \u201cEl autismo es una forma de ser. No es algo que una persona padece; es una forma de sentir, de vivir cada experiencia, cada sensaci\u00f3n, cada aspecto de nuestra existencia. No se puede separar al autismo de la persona. Comprender esto es fundamental\u201d.<\/p>\n<p>Donna\u00a0Williams, diagnosticada de psicosis autista cuando era ni\u00f1a, es artista pl\u00e1stica y escritora. Ella expres\u00f3:\u00a0\u201cLuego de una vida entre extraterrestres, por fin encontr\u00e9 a alguien que viene de mi planeta\u201d,\u00a0al referirse a otras personas con TEA.<\/p>\n<p>Stephen Shore,\u00a0diagnosticado con autismo, no empez\u00f3 a hablar hasta la edad de cuatro a\u00f1os; actualmente es profesor de Educaci\u00f3n Especial en la Universidad de Boston. Para \u00e9l vivir con autismo es como vivir en el extranjero o en una cultura muy diferente:\u00a0\u201cAprend\u00ed a funcionar, pero me siento ajeno\u201d.<\/p>\n<p>En el D\u00eda Mundial del Autismo, debemos preparar a la sociedad para que acepte a las personas con autismo por lo que son y no por lo que nunca ser\u00e1n. Nuestro deber es ser menos hostil para ellos, facilitemos su integraci\u00f3n. Cambiemos nosotros,\u00a0concienticemos.<\/p>\n<p>&nbsp;<\/p>\n","protected":false},"excerpt":{"rendered":"<p>La importancia de facilitar la integraci\u00f3n de las personas con trastornos del espectro autista. Sabemos reconocer a una persona con s\u00edndrome de Down, o a una persona ciega o en silla de ruedas, pero hay una discapacidad enigm\u00e1tica, renombrada y casi desconocida: el\u00a0autismo. El autismo puede verse desde fuera o dentro. La mirada cient\u00edfica -la [&hellip;]<\/p>\n","protected":false},"author":1,"featured_media":62656,"comment_status":"closed","ping_status":"closed","sticky":false,"template":"","format":"standard","meta":{"_seopress_robots_primary_cat":"","_seopress_titles_title":"","_seopress_titles_desc":"","_seopress_robots_index":"","footnotes":""},"categories":[23399],"tags":[23400,23402,23401],"class_list":{"0":"post-62655","1":"post","2":"type-post","3":"status-publish","4":"format-standard","5":"has-post-thumbnail","7":"category-sociedad","8":"tag-dia-mundial-del-autismo","9":"tag-el-autismo","10":"tag-trastornos-del-espectro-autista"},"_links":{"self":[{"href":"https:\/\/www.cordobatimes.com\/showup\/wp-json\/wp\/v2\/posts\/62655","targetHints":{"allow":["GET"]}}],"collection":[{"href":"https:\/\/www.cordobatimes.com\/showup\/wp-json\/wp\/v2\/posts"}],"about":[{"href":"https:\/\/www.cordobatimes.com\/showup\/wp-json\/wp\/v2\/types\/post"}],"author":[{"embeddable":true,"href":"https:\/\/www.cordobatimes.com\/showup\/wp-json\/wp\/v2\/users\/1"}],"replies":[{"embeddable":true,"href":"https:\/\/www.cordobatimes.com\/showup\/wp-json\/wp\/v2\/comments?post=62655"}],"version-history":[{"count":0,"href":"https:\/\/www.cordobatimes.com\/showup\/wp-json\/wp\/v2\/posts\/62655\/revisions"}],"wp:featuredmedia":[{"embeddable":true,"href":"https:\/\/www.cordobatimes.com\/showup\/wp-json\/wp\/v2\/media\/62656"}],"wp:attachment":[{"href":"https:\/\/www.cordobatimes.com\/showup\/wp-json\/wp\/v2\/media?parent=62655"}],"wp:term":[{"taxonomy":"category","embeddable":true,"href":"https:\/\/www.cordobatimes.com\/showup\/wp-json\/wp\/v2\/categories?post=62655"},{"taxonomy":"post_tag","embeddable":true,"href":"https:\/\/www.cordobatimes.com\/showup\/wp-json\/wp\/v2\/tags?post=62655"}],"curies":[{"name":"wp","href":"https:\/\/api.w.org\/{rel}","templated":true}]}}