{"id":62636,"date":"2019-04-01T10:43:43","date_gmt":"2019-04-01T13:43:43","guid":{"rendered":"https:\/\/www.cordobatimes.com\/showup\/?p=62636"},"modified":"2019-04-02T15:13:08","modified_gmt":"2019-04-02T18:13:08","slug":"colores-calidos-y-looks-relajados-para-esta-temporada","status":"publish","type":"post","link":"https:\/\/www.cordobatimes.com\/showup\/moda-y-estilos\/2019\/04\/01\/colores-calidos-y-looks-relajados-para-esta-temporada\/","title":{"rendered":"Colores c\u00e1lidos y looks relajados para esta temporada"},"content":{"rendered":"<h3><strong>El \u00abSoft Nostalgia\u00bb es uno de los seis estilos que predominan en la temporada oto\u00f1o-invierno 2019.\u00a0<\/strong><\/h3>\n<p>Todo tiempo pasado siempre fue mejor. Este parece ser el lema del estilo Soft Nostalgia, uno de los seis que predominar\u00e1 esta temporada oto\u00f1o-invierno 2019.<\/p>\n<p>Looks relajados que transmitan una sensaci\u00f3n de tranquilidad y acogedora. En \u00e9l prevalecen los colores c\u00e1lidos: rosa viejo, cremita, acentos de celeste y los tonos \u201ccosmetic hues\u201d<\/p>\n<p>Se apuesta a looks completos de un mismo color, pero en diferentes tonalidades.<\/p>\n<blockquote class=\"instagram-media\" style=\"background: #FFF; border: 0; border-radius: 3px; box-shadow: 0 0 1px 0 rgba(0,0,0,0.5),0 1px 10px 0 rgba(0,0,0,0.15); margin: 1px; max-width: 540px; min-width: 326px; padding: 0; width: calc(100% - 2px);\" data-instgrm-captioned=\"\" data-instgrm-permalink=\"https:\/\/www.instagram.com\/p\/BsNISvjBWxD\/?utm_source=ig_embed&amp;utm_medium=loading\" data-instgrm-version=\"12\">\n<div style=\"padding: 16px;\">\n<p>&nbsp;<\/p>\n<div style=\"display: flex; flex-direction: row; align-items: center;\">\n<div style=\"background-color: #f4f4f4; border-radius: 50%; flex-grow: 0; height: 40px; margin-right: 14px; width: 40px;\"><\/div>\n<div style=\"display: flex; flex-direction: column; flex-grow: 1; justify-content: center;\">\n<div style=\"background-color: #f4f4f4; border-radius: 4px; flex-grow: 0; height: 14px; margin-bottom: 6px; width: 100px;\"><\/div>\n<div style=\"background-color: #f4f4f4; border-radius: 4px; flex-grow: 0; height: 14px; width: 60px;\"><\/div>\n<\/div>\n<\/div>\n<div style=\"padding: 19% 0;\"><\/div>\n<div style=\"display: block; height: 50px; margin: 0 auto 12px; width: 50px;\"><\/div>\n<div style=\"padding-top: 8px;\">\n<div style=\"color: #3897f0; font-family: Arial,sans-serif; font-size: 14px; font-style: normal; font-weight: 550; line-height: 18px;\">Ver esta publicaci\u00f3n en Instagram<\/div>\n<\/div>\n<div style=\"padding: 12.5% 0;\"><\/div>\n<div style=\"display: flex; flex-direction: row; margin-bottom: 14px; align-items: center;\">\n<div>\n<div style=\"background-color: #f4f4f4; border-radius: 50%; height: 12.5px; width: 12.5px; transform: translateX(0px) translateY(7px);\"><\/div>\n<div style=\"background-color: #f4f4f4; height: 12.5px; transform: rotate(-45deg) translateX(3px) translateY(1px); width: 12.5px; flex-grow: 0; margin-right: 14px; margin-left: 2px;\"><\/div>\n<div style=\"background-color: #f4f4f4; border-radius: 50%; height: 12.5px; width: 12.5px; transform: translateX(9px) translateY(-18px);\"><\/div>\n<\/div>\n<div style=\"margin-left: 8px;\">\n<div style=\"background-color: #f4f4f4; border-radius: 50%; flex-grow: 0; height: 20px; width: 20px;\"><\/div>\n<div style=\"width: 0; height: 0; border-top: 2px solid transparent; border-left: 6px solid #f4f4f4; border-bottom: 2px solid transparent; transform: translateX(16px) translateY(-4px) rotate(30deg);\"><\/div>\n<\/div>\n<div style=\"margin-left: auto;\">\n<div style=\"width: 0px; border-top: 8px solid #F4F4F4; border-right: 8px solid transparent; transform: translateY(16px);\"><\/div>\n<div style=\"background-color: #f4f4f4; flex-grow: 0; height: 12px; width: 16px; transform: translateY(-4px);\"><\/div>\n<div style=\"width: 0; height: 0; border-top: 8px solid #F4F4F4; border-left: 8px solid transparent; transform: translateY(-4px) translateX(8px);\"><\/div>\n<\/div>\n<\/div>\n<p>&nbsp;<\/p>\n<p style=\"margin: 8px 0 0 0; padding: 0 4px;\"><a style=\"color: #000; font-family: Arial,sans-serif; font-size: 14px; font-style: normal; font-weight: normal; line-height: 17px; text-decoration: none; word-wrap: break-word;\" href=\"https:\/\/www.instagram.com\/p\/BsNISvjBWxD\/?utm_source=ig_embed&amp;utm_medium=loading\" target=\"_blank\" rel=\"noopener noreferrer\">\u201cThe perfect pant is a staple in every modern-women&#8217;s closet.\u201d Paul Andrew, Women&#8217;s Creative Director featured in @portermagazine\u00a0 #FerragamoFolio #FerragamoSS19 \ud83d\udcf8 @zoeygrossman\u00a0 Fashion editor: @edmondalison<\/a><\/p>\n<p style=\"color: #c9c8cd; font-family: Arial,sans-serif; font-size: 14px; line-height: 17px; margin-bottom: 0; margin-top: 8px; overflow: hidden; padding: 8px 0 7px; text-align: center; text-overflow: ellipsis; white-space: nowrap;\">Una publicaci\u00f3n compartida de <a style=\"color: #c9c8cd; font-family: Arial,sans-serif; font-size: 14px; font-style: normal; font-weight: normal; line-height: 17px;\" href=\"https:\/\/www.instagram.com\/ferragamo\/?utm_source=ig_embed&amp;utm_medium=loading\" target=\"_blank\" rel=\"noopener noreferrer\"> Salvatore Ferragamo<\/a> (@ferragamo) el <time style=\"font-family: Arial,sans-serif; font-size: 14px; line-height: 17px;\" datetime=\"2019-01-04T08:00:11+00:00\">4 Ene, 2019 a las 12:00 PST<\/time><\/p>\n<\/div>\n<\/blockquote>\n<p><script async src=\"\/\/www.instagram.com\/embed.js\"><\/script><\/p>\n<p>En cuanto a las estampas predomina el estampado cuadrille, los cuadros, el mix de rayas y las flores similares a las de los empapelados antiguos.<\/p>\n<p>Los accesorios son geom\u00e9tricos y minimalistas. Siguen la l\u00ednea de un look vintage. Lo mismo ocurre con las carteras. Los cintos se usar\u00e1n mucho, pero no de la manera tradicional, sino anudados.<\/p>\n<p>En cuanto a las texturas, el cachemir es una de las favoritas. El dato: Pod\u00e9s utilizar un pa\u00f1uelo, hebillas u otros accesorios para introducir un \u201cpop\u201d de color a tus look.<\/p>\n<p><img alt=\"\" loading=\"lazy\" decoding=\"async\" class=\"alignnone size-full wp-image-62638\" src=\"https:\/\/www.cordobatimes.com\/showup\/wp-content\/uploads\/2019\/04\/5444.jpg\" alt=\"\" width=\"400\" height=\"575\" srcset=\"https:\/\/www.cordobatimes.com\/showup\/wp-content\/uploads\/2019\/04\/5444.jpg 400w, https:\/\/www.cordobatimes.com\/showup\/wp-content\/uploads\/2019\/04\/5444-292x420.jpg 292w\" sizes=\"auto, (max-width: 400px) 100vw, 400px\" \/><\/p>\n<p><img alt=\"\" loading=\"lazy\" decoding=\"async\" class=\"alignnone size-full wp-image-62639\" src=\"https:\/\/www.cordobatimes.com\/showup\/wp-content\/uploads\/2019\/04\/21141.jpg\" alt=\"\" width=\"409\" height=\"585\" srcset=\"https:\/\/www.cordobatimes.com\/showup\/wp-content\/uploads\/2019\/04\/21141.jpg 409w, https:\/\/www.cordobatimes.com\/showup\/wp-content\/uploads\/2019\/04\/21141-294x420.jpg 294w\" sizes=\"auto, (max-width: 409px) 100vw, 409px\" \/><\/p>\n<p><img alt=\"\" loading=\"lazy\" decoding=\"async\" class=\"alignnone size-full wp-image-62640\" src=\"https:\/\/www.cordobatimes.com\/showup\/wp-content\/uploads\/2019\/04\/45652.jpg\" alt=\"\" width=\"416\" height=\"360\" \/><\/p>\n<p><img alt=\"\" loading=\"lazy\" decoding=\"async\" class=\"alignnone size-full wp-image-62641\" src=\"https:\/\/www.cordobatimes.com\/showup\/wp-content\/uploads\/2019\/04\/541212.jpg\" alt=\"\" width=\"411\" height=\"362\" \/><\/p>\n<p><img alt=\"\" loading=\"lazy\" decoding=\"async\" class=\"alignnone size-full wp-image-62642\" src=\"https:\/\/www.cordobatimes.com\/showup\/wp-content\/uploads\/2019\/04\/545456.jpg\" alt=\"\" width=\"410\" height=\"586\" srcset=\"https:\/\/www.cordobatimes.com\/showup\/wp-content\/uploads\/2019\/04\/545456.jpg 410w, https:\/\/www.cordobatimes.com\/showup\/wp-content\/uploads\/2019\/04\/545456-294x420.jpg 294w\" sizes=\"auto, (max-width: 410px) 100vw, 410px\" \/><\/p>\n<p><img alt=\"\" loading=\"lazy\" decoding=\"async\" class=\"alignnone size-full wp-image-62643\" src=\"https:\/\/www.cordobatimes.com\/showup\/wp-content\/uploads\/2019\/04\/Nombre5241.jpg\" alt=\"\" width=\"416\" height=\"574\" srcset=\"https:\/\/www.cordobatimes.com\/showup\/wp-content\/uploads\/2019\/04\/Nombre5241.jpg 416w, https:\/\/www.cordobatimes.com\/showup\/wp-content\/uploads\/2019\/04\/Nombre5241-304x420.jpg 304w\" sizes=\"auto, (max-width: 416px) 100vw, 416px\" \/><\/p>\n","protected":false},"excerpt":{"rendered":"<p>El \u00abSoft Nostalgia\u00bb es uno de los seis estilos que predominan en la temporada oto\u00f1o-invierno 2019.\u00a0 Todo tiempo pasado siempre fue mejor. Este parece ser el lema del estilo Soft Nostalgia, uno de los seis que predominar\u00e1 esta temporada oto\u00f1o-invierno 2019. Looks relajados que transmitan una sensaci\u00f3n de tranquilidad y acogedora. En \u00e9l prevalecen los [&hellip;]<\/p>\n","protected":false},"author":1,"featured_media":62637,"comment_status":"closed","ping_status":"closed","sticky":false,"template":"","format":"standard","meta":{"_seopress_robots_primary_cat":"","_seopress_titles_title":"","_seopress_titles_desc":"","_seopress_robots_index":"","footnotes":""},"categories":[228],"tags":[23392,23391,23394,23393],"class_list":{"0":"post-62636","1":"post","2":"type-post","3":"status-publish","4":"format-standard","5":"has-post-thumbnail","7":"category-moda-y-estilos","8":"tag-colores-invierno-2019","9":"tag-colores-otono-2019","10":"tag-que-colores-se-usan-este-otono-invierno-2019","11":"tag-que-colores-se-van-a-usar-este-invierno"},"_links":{"self":[{"href":"https:\/\/www.cordobatimes.com\/showup\/wp-json\/wp\/v2\/posts\/62636","targetHints":{"allow":["GET"]}}],"collection":[{"href":"https:\/\/www.cordobatimes.com\/showup\/wp-json\/wp\/v2\/posts"}],"about":[{"href":"https:\/\/www.cordobatimes.com\/showup\/wp-json\/wp\/v2\/types\/post"}],"author":[{"embeddable":true,"href":"https:\/\/www.cordobatimes.com\/showup\/wp-json\/wp\/v2\/users\/1"}],"replies":[{"embeddable":true,"href":"https:\/\/www.cordobatimes.com\/showup\/wp-json\/wp\/v2\/comments?post=62636"}],"version-history":[{"count":0,"href":"https:\/\/www.cordobatimes.com\/showup\/wp-json\/wp\/v2\/posts\/62636\/revisions"}],"wp:featuredmedia":[{"embeddable":true,"href":"https:\/\/www.cordobatimes.com\/showup\/wp-json\/wp\/v2\/media\/62637"}],"wp:attachment":[{"href":"https:\/\/www.cordobatimes.com\/showup\/wp-json\/wp\/v2\/media?parent=62636"}],"wp:term":[{"taxonomy":"category","embeddable":true,"href":"https:\/\/www.cordobatimes.com\/showup\/wp-json\/wp\/v2\/categories?post=62636"},{"taxonomy":"post_tag","embeddable":true,"href":"https:\/\/www.cordobatimes.com\/showup\/wp-json\/wp\/v2\/tags?post=62636"}],"curies":[{"name":"wp","href":"https:\/\/api.w.org\/{rel}","templated":true}]}}