{"id":62613,"date":"2019-03-30T12:03:07","date_gmt":"2019-03-30T15:03:07","guid":{"rendered":"https:\/\/www.cordobatimes.com\/showup\/?p=62613"},"modified":"2019-03-30T12:03:07","modified_gmt":"2019-03-30T15:03:07","slug":"mick-jagger-cancela-la-gira-de-the-rolling-stones-por-estados-unidos-y-canada-debido-a-problemas-de-salud","status":"publish","type":"post","link":"https:\/\/www.cordobatimes.com\/showup\/musica\/2019\/03\/30\/mick-jagger-cancela-la-gira-de-the-rolling-stones-por-estados-unidos-y-canada-debido-a-problemas-de-salud\/","title":{"rendered":"Mick Jagger cancela la gira de The Rolling Stones por Estados Unidos y Canad\u00e1 debido a problemas de salud"},"content":{"rendered":"<h3><strong>El cantante se disculp\u00f3 con los fans que ya tenian las entradas via instagram\u00a0 y asegur\u00f3 que \u00abtrabajar\u00e1 duro para volver a los escenarios\u00bb.<\/strong><\/h3>\n<p>Con un post en su cuenta de Instagram, Mick Jagger anunci\u00f3 la suspensi\u00f3n de la gira que The Rolling Stones hab\u00eda anunciado para abril por Estados Unidos y Canad\u00e1.<\/p>\n<blockquote class=\"instagram-media\" style=\"background: #FFF; border: 0; border-radius: 3px; box-shadow: 0 0 1px 0 rgba(0,0,0,0.5),0 1px 10px 0 rgba(0,0,0,0.15); margin: 1px; max-width: 540px; min-width: 326px; padding: 0; width: calc(100% - 2px);\" data-instgrm-permalink=\"https:\/\/www.instagram.com\/p\/BvoiNMFnShv\/?utm_source=ig_embed&amp;utm_medium=loading\" data-instgrm-version=\"12\">\n<div style=\"padding: 16px;\">\n<p>&nbsp;<\/p>\n<div style=\"display: flex; flex-direction: row; align-items: center;\">\n<div style=\"background-color: #f4f4f4; border-radius: 50%; flex-grow: 0; height: 40px; margin-right: 14px; width: 40px;\"><\/div>\n<div style=\"display: flex; flex-direction: column; flex-grow: 1; justify-content: center;\">\n<div style=\"background-color: #f4f4f4; border-radius: 4px; flex-grow: 0; height: 14px; margin-bottom: 6px; width: 100px;\"><\/div>\n<div style=\"background-color: #f4f4f4; border-radius: 4px; flex-grow: 0; height: 14px; width: 60px;\"><\/div>\n<\/div>\n<\/div>\n<div style=\"padding: 19% 0;\"><\/div>\n<div style=\"display: block; height: 50px; margin: 0 auto 12px; width: 50px;\"><\/div>\n<div style=\"padding-top: 8px;\">\n<div style=\"color: #3897f0; font-family: Arial,sans-serif; font-size: 14px; font-style: normal; font-weight: 550; line-height: 18px;\">Ver esta publicaci\u00f3n en Instagram<\/div>\n<\/div>\n<div style=\"padding: 12.5% 0;\"><\/div>\n<div style=\"display: flex; flex-direction: row; margin-bottom: 14px; align-items: center;\">\n<div>\n<div style=\"background-color: #f4f4f4; border-radius: 50%; height: 12.5px; width: 12.5px; transform: translateX(0px) translateY(7px);\"><\/div>\n<div style=\"background-color: #f4f4f4; height: 12.5px; transform: rotate(-45deg) translateX(3px) translateY(1px); width: 12.5px; flex-grow: 0; margin-right: 14px; margin-left: 2px;\"><\/div>\n<div style=\"background-color: #f4f4f4; border-radius: 50%; height: 12.5px; width: 12.5px; transform: translateX(9px) translateY(-18px);\"><\/div>\n<\/div>\n<div style=\"margin-left: 8px;\">\n<div style=\"background-color: #f4f4f4; border-radius: 50%; flex-grow: 0; height: 20px; width: 20px;\"><\/div>\n<div style=\"width: 0; height: 0; border-top: 2px solid transparent; border-left: 6px solid #f4f4f4; border-bottom: 2px solid transparent; transform: translateX(16px) translateY(-4px) rotate(30deg);\"><\/div>\n<\/div>\n<div style=\"margin-left: auto;\">\n<div style=\"width: 0px; border-top: 8px solid #F4F4F4; border-right: 8px solid transparent; transform: translateY(16px);\"><\/div>\n<div style=\"background-color: #f4f4f4; flex-grow: 0; height: 12px; width: 16px; transform: translateY(-4px);\"><\/div>\n<div style=\"width: 0; height: 0; border-top: 8px solid #F4F4F4; border-left: 8px solid transparent; transform: translateY(-4px) translateX(8px);\"><\/div>\n<\/div>\n<\/div>\n<div style=\"display: flex; flex-direction: column; flex-grow: 1; justify-content: center; margin-bottom: 24px;\">\n<div style=\"background-color: #f4f4f4; border-radius: 4px; flex-grow: 0; height: 14px; margin-bottom: 6px; width: 224px;\"><\/div>\n<div style=\"background-color: #f4f4f4; border-radius: 4px; flex-grow: 0; height: 14px; width: 144px;\"><\/div>\n<\/div>\n<p>&nbsp;<\/p>\n<p style=\"color: #c9c8cd; font-family: Arial,sans-serif; font-size: 14px; line-height: 17px; margin-bottom: 0; margin-top: 8px; overflow: hidden; padding: 8px 0 7px; text-align: center; text-overflow: ellipsis; white-space: nowrap;\"><a style=\"color: #c9c8cd; font-family: Arial,sans-serif; font-size: 14px; font-style: normal; font-weight: normal; line-height: 17px; text-decoration: none;\" href=\"https:\/\/www.instagram.com\/p\/BvoiNMFnShv\/?utm_source=ig_embed&amp;utm_medium=loading\" target=\"_blank\" rel=\"noopener noreferrer\">Una publicaci\u00f3n compartida de Mick Jagger (@mickjagger)<\/a> el <time style=\"font-family: Arial,sans-serif; font-size: 14px; line-height: 17px;\" datetime=\"2019-03-30T13:00:17+00:00\">30 Mar, 2019 a las 6:00 PDT<\/time><\/p>\n<\/div>\n<\/blockquote>\n<p><script async src=\"\/\/www.instagram.com\/embed.js\"><\/script><\/p>\n<p>\u201cLo siento mucho por todos nuestros fans en Am\u00e9rica y Canad\u00e1 con entradas. Realmente odio decepcionarlos as\u00ed. Estoy devastado por tener que posponer el tour pero estar\u00e9 trabajando muy duro para volver a los escenarios lo m\u00e1s pronto posible. De nuevo, enormes disculpas a todos\u201d, escribi\u00f3 Jagger.<\/p>\n<p>El manager de la banda inform\u00f3 que los doctores de Jagger le recomendaron no salir de gira por el momento ya que necesita tratamiento m\u00e9dico sin especificar el motivo pero fueron optimistas sobre una pronta recuperaci\u00f3n que le permitir\u00eda realizar el tour m\u00e1s adelante.<\/p>\n<p>Ademas de su cuenta de instagram Jagger tambien lament\u00f3 en Twitter su indisposici\u00f3n y dijo a sus seguidores.<\/p>\n<blockquote class=\"twitter-tweet\" data-lang=\"es\">\n<p dir=\"ltr\" lang=\"en\">I\u2019m so sorry to all our fans in America &amp; Canada with tickets. I really hate letting you down like this.<br \/>\nI\u2019m devastated for having to postpone the tour but I will be working very hard to be back on stage as soon as I can. Once again, huge apologies to everyone.<\/p>\n<p>\u2014 Mick Jagger (@MickJagger) <a href=\"https:\/\/twitter.com\/MickJagger\/status\/1111976431163244544?ref_src=twsrc%5Etfw\">30 de marzo de 2019<\/a><\/p><\/blockquote>\n<p><script async src=\"https:\/\/platform.twitter.com\/widgets.js\" charset=\"utf-8\"><\/script><\/p>\n<p>\u00abEstoy desolado por tener que posponer la gira pero me esforzar\u00e9 mucho para volver al escenario tan pronto como sea posible. Un vez m\u00e1s, enormes disculpas para todo el mundo\u00bb, escribi\u00f3 .<\/p>\n","protected":false},"excerpt":{"rendered":"<p>El cantante se disculp\u00f3 con los fans que ya tenian las entradas via instagram\u00a0 y asegur\u00f3 que \u00abtrabajar\u00e1 duro para volver a los escenarios\u00bb. Con un post en su cuenta de Instagram, Mick Jagger anunci\u00f3 la suspensi\u00f3n de la gira que The Rolling Stones hab\u00eda anunciado para abril por Estados Unidos y Canad\u00e1. &nbsp; Ver [&hellip;]<\/p>\n","protected":false},"author":1,"featured_media":62614,"comment_status":"closed","ping_status":"closed","sticky":false,"template":"","format":"standard","meta":{"_seopress_robots_primary_cat":"","_seopress_titles_title":"","_seopress_titles_desc":"","_seopress_robots_index":"","footnotes":""},"categories":[5],"tags":[23384,23385],"class_list":{"0":"post-62613","1":"post","2":"type-post","3":"status-publish","4":"format-standard","5":"has-post-thumbnail","7":"category-musica","8":"tag-mick-jagger-cancela-la-gira-de-the-rolling-stones","9":"tag-problemas-de-salud-de-mick-jagger"},"_links":{"self":[{"href":"https:\/\/www.cordobatimes.com\/showup\/wp-json\/wp\/v2\/posts\/62613","targetHints":{"allow":["GET"]}}],"collection":[{"href":"https:\/\/www.cordobatimes.com\/showup\/wp-json\/wp\/v2\/posts"}],"about":[{"href":"https:\/\/www.cordobatimes.com\/showup\/wp-json\/wp\/v2\/types\/post"}],"author":[{"embeddable":true,"href":"https:\/\/www.cordobatimes.com\/showup\/wp-json\/wp\/v2\/users\/1"}],"replies":[{"embeddable":true,"href":"https:\/\/www.cordobatimes.com\/showup\/wp-json\/wp\/v2\/comments?post=62613"}],"version-history":[{"count":0,"href":"https:\/\/www.cordobatimes.com\/showup\/wp-json\/wp\/v2\/posts\/62613\/revisions"}],"wp:featuredmedia":[{"embeddable":true,"href":"https:\/\/www.cordobatimes.com\/showup\/wp-json\/wp\/v2\/media\/62614"}],"wp:attachment":[{"href":"https:\/\/www.cordobatimes.com\/showup\/wp-json\/wp\/v2\/media?parent=62613"}],"wp:term":[{"taxonomy":"category","embeddable":true,"href":"https:\/\/www.cordobatimes.com\/showup\/wp-json\/wp\/v2\/categories?post=62613"},{"taxonomy":"post_tag","embeddable":true,"href":"https:\/\/www.cordobatimes.com\/showup\/wp-json\/wp\/v2\/tags?post=62613"}],"curies":[{"name":"wp","href":"https:\/\/api.w.org\/{rel}","templated":true}]}}