{"id":62537,"date":"2019-03-27T09:31:53","date_gmt":"2019-03-27T12:31:53","guid":{"rendered":"https:\/\/www.cordobatimes.com\/showup\/?p=62537"},"modified":"2019-03-27T09:31:53","modified_gmt":"2019-03-27T12:31:53","slug":"quienes-fueron-los-invitados-famosos-a-la-gala-de-los-reyes-de-espana","status":"publish","type":"post","link":"https:\/\/www.cordobatimes.com\/showup\/destacada\/2019\/03\/27\/quienes-fueron-los-invitados-famosos-a-la-gala-de-los-reyes-de-espana\/","title":{"rendered":"Quienes fueron los invitados famosos a la gala de los reyes de Espa\u00f1a"},"content":{"rendered":"<h3><strong>El rey Felipe VI y la reina Letizia ofrecieron una cena en el hotel Four Seasons de Buenos Aires para el presidente Mauricio Macri, su mujer Juliana Awada, miembros de su gabinete y destacadas personalidades.<\/strong><\/h3>\n<p>&nbsp;<\/p>\n<p>Los reyes de Espa\u00f1a, Felipe VI y Letizia ofrecieron una cena para los mandatarios argentinos en el hotel Four Seasons, con el fin de agradecer al presidente Mauricio Macri, su mujer Juliana Awada, su hospitalidad durante su estad\u00eda en Argentina. A esta ceremonia asistieron miembros de su gabinete y destacadas personalidades de la far\u00e1ndula.<\/p>\n<p>Tras el agasajo del pasado lunes en el CCK, encabezada por el mandatario y la primera dama, para dar la bienvenida al pa\u00eds a la realeza espa\u00f1ola, este martes ahora los hu\u00e9spedes le brindaron una gala para retribuir la gentileza a las autoridades argentinas. Del encuentro participaron funcionarios del Gobierno, referentes pol\u00edticos y personalidades destacadas de la cultura.<\/p>\n<p>Las figuras que asistieron al lujoso sal\u00f3n de la mansi\u00f3n estilo belle \u00e9poque del barrio de Retiro fueron Susana Gim\u00e9nez, Mirtha Legrand, Ricardo Dar\u00edn, Fernando Gago, Joaqu\u00edn Sabina, Andr\u00e9s Calamaro, Lino Patalano, Mar\u00eda Kodama, Valeria Mazza, Eduardo Feinmann, entre algunas de los invitados de lujo del evento.<\/p>\n","protected":false},"excerpt":{"rendered":"<p>El rey Felipe VI y la reina Letizia ofrecieron una cena en el hotel Four Seasons de Buenos Aires para el presidente Mauricio Macri, su mujer Juliana Awada, miembros de su gabinete y destacadas personalidades. &nbsp; Los reyes de Espa\u00f1a, Felipe VI y Letizia ofrecieron una cena para los mandatarios argentinos en el hotel Four [&hellip;]<\/p>\n","protected":false},"author":1,"featured_media":62538,"comment_status":"closed","ping_status":"closed","sticky":false,"template":"","format":"standard","meta":{"_seopress_robots_primary_cat":"","_seopress_titles_title":"","_seopress_titles_desc":"","_seopress_robots_index":"","footnotes":""},"categories":[12967],"tags":[23346,23345,23344,23347,23348],"class_list":{"0":"post-62537","1":"post","2":"type-post","3":"status-publish","4":"format-standard","5":"has-post-thumbnail","7":"category-destacada","10":"tag-invitados-famosos-a-la-gala-de-los-reyes-de-espana","11":"tag-l-presidente-mauricio-macri","12":"tag-su-mujer-juliana-awada"},"_links":{"self":[{"href":"https:\/\/www.cordobatimes.com\/showup\/wp-json\/wp\/v2\/posts\/62537","targetHints":{"allow":["GET"]}}],"collection":[{"href":"https:\/\/www.cordobatimes.com\/showup\/wp-json\/wp\/v2\/posts"}],"about":[{"href":"https:\/\/www.cordobatimes.com\/showup\/wp-json\/wp\/v2\/types\/post"}],"author":[{"embeddable":true,"href":"https:\/\/www.cordobatimes.com\/showup\/wp-json\/wp\/v2\/users\/1"}],"replies":[{"embeddable":true,"href":"https:\/\/www.cordobatimes.com\/showup\/wp-json\/wp\/v2\/comments?post=62537"}],"version-history":[{"count":0,"href":"https:\/\/www.cordobatimes.com\/showup\/wp-json\/wp\/v2\/posts\/62537\/revisions"}],"wp:featuredmedia":[{"embeddable":true,"href":"https:\/\/www.cordobatimes.com\/showup\/wp-json\/wp\/v2\/media\/62538"}],"wp:attachment":[{"href":"https:\/\/www.cordobatimes.com\/showup\/wp-json\/wp\/v2\/media?parent=62537"}],"wp:term":[{"taxonomy":"category","embeddable":true,"href":"https:\/\/www.cordobatimes.com\/showup\/wp-json\/wp\/v2\/categories?post=62537"},{"taxonomy":"post_tag","embeddable":true,"href":"https:\/\/www.cordobatimes.com\/showup\/wp-json\/wp\/v2\/tags?post=62537"}],"curies":[{"name":"wp","href":"https:\/\/api.w.org\/{rel}","templated":true}]}}