{"id":62519,"date":"2019-03-26T11:27:59","date_gmt":"2019-03-26T14:27:59","guid":{"rendered":"https:\/\/www.cordobatimes.com\/showup\/?p=62519"},"modified":"2019-03-26T11:27:59","modified_gmt":"2019-03-26T14:27:59","slug":"no-se-incluiran-en-los-premios-goya-contenido-exclusivo-de-plataformas-o-de-teve","status":"publish","type":"post","link":"https:\/\/www.cordobatimes.com\/showup\/cine-y-series\/2019\/03\/26\/no-se-incluiran-en-los-premios-goya-contenido-exclusivo-de-plataformas-o-de-teve\/","title":{"rendered":"No se incluir\u00e1n en los Premios Goya contenido exclusivo de plataformas o de tev\u00e9"},"content":{"rendered":"<h3><strong>La Junta Directiva de la Academia espa\u00f1ola de Cine decidi\u00f3 por unanimidad que la edici\u00f3n de los Premios Goya de 2020 no incluir\u00e1 \u00abproducciones televisivas\u00bb ni pel\u00edculas que exclusivas de las plataformas que no tuvieran proyecciones en salas.<\/strong><\/h3>\n<p>Se mantiene, por tanto, el sistema vigente y respecto de las pel\u00edculas producidas por plataformas solo se considerar\u00e1n aquellas \u00abque cumplan con los requisitos actuales, es decir, estreno en salas en los plazos que marcan las bases\u00bb, seg\u00fan un comunicado citado por la agencia de noticias espa\u00f1ola Efe.<\/p>\n<p>No obstante, la Academia espa\u00f1ola de Cine ha anunciado su intenci\u00f3n de reunirse \u00abpr\u00f3ximamente\u00bb con la Academia de Televisi\u00f3n para transmitir \u00abuna propuesta de colaboraci\u00f3n\u00bb y \u00abunir esfuerzos de cara a potenciar los premios o reconocimientos anuales ya existentes\u00bb.<\/p>\n<p>En la \u00faltima edici\u00f3n de los Goya, celebrada el pasado mes de febrero, el presidente de la Academia de Cine, Mariano Barroso, ya puso el foco en su discurso en la realidad que vive el cine en su convivencia con las plataformas y televisiones.<\/p>\n<p>\u00abEl cine no va a desaparecer; solo est\u00e1 buscando permanentemente nuevas formas\u00bb, asegur\u00f3 el realizador, quien a\u00f1adi\u00f3 que, lejos de derrotarse, ambos mundos deben ser aliados y afrontar la nueva realidad sin complejos.<\/p>\n","protected":false},"excerpt":{"rendered":"<p>La Junta Directiva de la Academia espa\u00f1ola de Cine decidi\u00f3 por unanimidad que la edici\u00f3n de los Premios Goya de 2020 no incluir\u00e1 \u00abproducciones televisivas\u00bb ni pel\u00edculas que exclusivas de las plataformas que no tuvieran proyecciones en salas. Se mantiene, por tanto, el sistema vigente y respecto de las pel\u00edculas producidas por plataformas solo se [&hellip;]<\/p>\n","protected":false},"author":1,"featured_media":62520,"comment_status":"closed","ping_status":"closed","sticky":false,"template":"","format":"standard","meta":{"_seopress_robots_primary_cat":"","_seopress_titles_title":"","_seopress_titles_desc":"","_seopress_robots_index":"","footnotes":""},"categories":[3],"tags":[23340,23339,2573],"class_list":{"0":"post-62519","1":"post","2":"type-post","3":"status-publish","4":"format-standard","5":"has-post-thumbnail","7":"category-cine-y-series","8":"tag-edicion-de-los-premios-goya-de-2020","9":"tag-el-contenido-que-se-incluira-en-los-premios-goya-2020","10":"tag-premios-goya"},"_links":{"self":[{"href":"https:\/\/www.cordobatimes.com\/showup\/wp-json\/wp\/v2\/posts\/62519","targetHints":{"allow":["GET"]}}],"collection":[{"href":"https:\/\/www.cordobatimes.com\/showup\/wp-json\/wp\/v2\/posts"}],"about":[{"href":"https:\/\/www.cordobatimes.com\/showup\/wp-json\/wp\/v2\/types\/post"}],"author":[{"embeddable":true,"href":"https:\/\/www.cordobatimes.com\/showup\/wp-json\/wp\/v2\/users\/1"}],"replies":[{"embeddable":true,"href":"https:\/\/www.cordobatimes.com\/showup\/wp-json\/wp\/v2\/comments?post=62519"}],"version-history":[{"count":0,"href":"https:\/\/www.cordobatimes.com\/showup\/wp-json\/wp\/v2\/posts\/62519\/revisions"}],"wp:featuredmedia":[{"embeddable":true,"href":"https:\/\/www.cordobatimes.com\/showup\/wp-json\/wp\/v2\/media\/62520"}],"wp:attachment":[{"href":"https:\/\/www.cordobatimes.com\/showup\/wp-json\/wp\/v2\/media?parent=62519"}],"wp:term":[{"taxonomy":"category","embeddable":true,"href":"https:\/\/www.cordobatimes.com\/showup\/wp-json\/wp\/v2\/categories?post=62519"},{"taxonomy":"post_tag","embeddable":true,"href":"https:\/\/www.cordobatimes.com\/showup\/wp-json\/wp\/v2\/tags?post=62519"}],"curies":[{"name":"wp","href":"https:\/\/api.w.org\/{rel}","templated":true}]}}