{"id":62489,"date":"2019-03-25T13:43:00","date_gmt":"2019-03-25T16:43:00","guid":{"rendered":"https:\/\/www.cordobatimes.com\/showup\/?p=62489"},"modified":"2019-03-25T13:59:47","modified_gmt":"2019-03-25T16:59:47","slug":"apple-competira-con-netflix-lanzando-una-plataforma-de-streaming","status":"publish","type":"post","link":"https:\/\/www.cordobatimes.com\/showup\/destacada\/2019\/03\/25\/apple-competira-con-netflix-lanzando-una-plataforma-de-streaming\/","title":{"rendered":"Apple competir\u00e1 con Netflix lanzando una plataforma de streaming"},"content":{"rendered":"<h3><strong>Se espera que\u00a0Apple\u00a0anuncie este lunes el lanzamiento de un servicio de streaming de video que competir\u00eda con\u00a0Netflix, Amazon y los mismos servicios de televisi\u00f3n por cable.<\/strong><\/h3>\n<p>Es una medida muy anticipada del fabricante del iPhone, varios a\u00f1os despu\u00e9s de que Netflix convirtiera los \u00abmaratones televisivos\u00bb en un fen\u00f3meno mundial.<\/p>\n<p>Se espera que el nuevo servicio tenga programas de televisi\u00f3n y pel\u00edculas originales que supuestamente le costaron a Apple m\u00e1s de 1.000 millones de d\u00f3lares, mucho menos de lo que Netflix y HBO gastan cada a\u00f1o.<\/p>\n<p>Tambi\u00e9n se espera un servicio de suscripci\u00f3n que consista de noticias, entretenimiento y deportes recopilados de peri\u00f3dicos y revistas.<\/p>\n<p>Apple har\u00e1 los anuncios en su sede de Cupertino, California, durante un evento que probablemente est\u00e9 abarrotado de celebridades de Hollywood.<\/p>\n<p>Desde hace mucho, el iPhone es el producto sobresaliente y principal generador de dinero, pero sus ventas empiezan a caer. La compa\u00f1\u00eda promueve sus suscripciones digitales mientras busca nuevo crecimiento.<\/p>\n<p>Sin embargo, Apple sigue centrado en hacer gadgets: iPhones, iPads, computadoras y su caja de streaming Apple TV. El cofundador de Apple, Steve Jobs, comenz\u00f3 a jugar con la idea de construir un poderoso negocio televisivo, pero no lo logr\u00f3 antes de morir en 2011. Su sucesor, el director general Tim Cook, ha tardado casi ocho a\u00f1os en esbozar el guion que ahora intentar\u00e1 ejecutar.<\/p>\n<p>\u00abApple lleg\u00f3 muy tarde a este juego\u00bb, dijo el analista de eMarketer Paul Verna. \u00abNetflix se ha convertido en el est\u00e1ndar de oro para la creaci\u00f3n y distribuci\u00f3n de contenido, usando todos los datos que tiene de sus usuarios\u00bb.<\/p>\n","protected":false},"excerpt":{"rendered":"<p>Se espera que\u00a0Apple\u00a0anuncie este lunes el lanzamiento de un servicio de streaming de video que competir\u00eda con\u00a0Netflix, Amazon y los mismos servicios de televisi\u00f3n por cable. Es una medida muy anticipada del fabricante del iPhone, varios a\u00f1os despu\u00e9s de que Netflix convirtiera los \u00abmaratones televisivos\u00bb en un fen\u00f3meno mundial. Se espera que el nuevo servicio [&hellip;]<\/p>\n","protected":false},"author":1,"featured_media":62494,"comment_status":"closed","ping_status":"closed","sticky":false,"template":"","format":"standard","meta":{"_seopress_robots_primary_cat":"","_seopress_titles_title":"","_seopress_titles_desc":"","_seopress_robots_index":"","footnotes":""},"categories":[12967],"tags":[23320,23321,3882,18560],"class_list":{"0":"post-62489","1":"post","2":"type-post","3":"status-publish","4":"format-standard","5":"has-post-thumbnail","7":"category-destacada","8":"tag-apple","9":"tag-la-plataforma-de-pelis-de-apple","10":"tag-netflix","11":"tag-plataforma-de-streaming"},"_links":{"self":[{"href":"https:\/\/www.cordobatimes.com\/showup\/wp-json\/wp\/v2\/posts\/62489","targetHints":{"allow":["GET"]}}],"collection":[{"href":"https:\/\/www.cordobatimes.com\/showup\/wp-json\/wp\/v2\/posts"}],"about":[{"href":"https:\/\/www.cordobatimes.com\/showup\/wp-json\/wp\/v2\/types\/post"}],"author":[{"embeddable":true,"href":"https:\/\/www.cordobatimes.com\/showup\/wp-json\/wp\/v2\/users\/1"}],"replies":[{"embeddable":true,"href":"https:\/\/www.cordobatimes.com\/showup\/wp-json\/wp\/v2\/comments?post=62489"}],"version-history":[{"count":0,"href":"https:\/\/www.cordobatimes.com\/showup\/wp-json\/wp\/v2\/posts\/62489\/revisions"}],"wp:featuredmedia":[{"embeddable":true,"href":"https:\/\/www.cordobatimes.com\/showup\/wp-json\/wp\/v2\/media\/62494"}],"wp:attachment":[{"href":"https:\/\/www.cordobatimes.com\/showup\/wp-json\/wp\/v2\/media?parent=62489"}],"wp:term":[{"taxonomy":"category","embeddable":true,"href":"https:\/\/www.cordobatimes.com\/showup\/wp-json\/wp\/v2\/categories?post=62489"},{"taxonomy":"post_tag","embeddable":true,"href":"https:\/\/www.cordobatimes.com\/showup\/wp-json\/wp\/v2\/tags?post=62489"}],"curies":[{"name":"wp","href":"https:\/\/api.w.org\/{rel}","templated":true}]}}