{"id":62482,"date":"2019-03-25T13:04:38","date_gmt":"2019-03-25T16:04:38","guid":{"rendered":"https:\/\/www.cordobatimes.com\/showup\/?p=62482"},"modified":"2019-03-25T13:19:55","modified_gmt":"2019-03-25T16:19:55","slug":"murio-scott-walker","status":"publish","type":"post","link":"https:\/\/www.cordobatimes.com\/showup\/musica\/2019\/03\/25\/murio-scott-walker\/","title":{"rendered":"Muri\u00f3 Scott Walker"},"content":{"rendered":"<h3><strong>El m\u00fasico estadounidense falleci\u00f3 a los 76 a\u00f1os.<\/strong><\/h3>\n<p>El m\u00fasico estadounidense Scott Walker muri\u00f3 a los 76 a\u00f1os, seg\u00fan confirma su sello discogr\u00e1fico 4AD, que en un comunicado le define como \u00abun artista solista, productor y compositor de originalidad intransigente\u00bb.<\/p>\n<p>\u00abDe \u00eddolo juvenil a icono cultural, Scott deja a las generaciones futuras un legado de m\u00fasica extraordinaria; un brillante letrista con una voz inquietante. Ha sido uno de los innovadores m\u00e1s venerados en el extremo de la m\u00fasica creativa, cuya influencia en muchos artistas ha sido reconocida libremente\u00bb, apunta el sello en un comunicado.<\/p>\n<p>Nacido en Hamilton (Ohio) en 1943 como Noel Scott Engel, se convirti\u00f3 en Scott Walker despu\u00e9s de formar The Walker Brothers en 1964 con John Maus, quien hab\u00eda sido conocido como John Walker desde su juventud. A la pareja se uni\u00f3 el bater\u00eda Gary Leeds, quien pas\u00f3 a llamarse a su vez Gary Walker.<\/p>\n<p>El grupo alcanz\u00f3 gran fama y despu\u00e9s Scott empez\u00f3 a llamar la atenci\u00f3n al grabar como solista su material cada vez m\u00e1s experimental. Su \u00e1lbum de debut, Scott, lleg\u00f3 en 1967, un a\u00f1o despu\u00e9s de la ruptura del grupo, y luego public\u00f3 discos aclamados: Scott 2, Scott 3 y Scott 4.<\/p>\n<p>Marc\u00f3 el sonido de un verdadero pionero, que gui\u00f3 a Walker por un camino que lo considerar\u00eda un \u00edcono de vanguardia, y una enorme influencia en Radiohead, Arctic Monkeys, Jarvis Cocker, The Divine Comedy y muchos m\u00e1s.<\/p>\n<p>Durante su carrera en solitario public\u00f3 18 discos y trabaj\u00f3 en diversas bandas sonoras. En 2017 recibi\u00f3 un homenaje de la BBC con un concierto en el Royal Albert Hall de Londres. Su \u00faltimo trabajo fue en 2018 para poner m\u00fasica a la pel\u00edcula Vox Lux protagonizada por Natalie Portman.<\/p>\n<div class=\"youtube-embed\" data-video_id=\"CoOGsF6bZEw\"><iframe loading=\"lazy\" title=\"RIP Scott Walker - The Sun Ain&#039;t Gonna Shine Anymore\" width=\"696\" height=\"392\" src=\"https:\/\/www.youtube.com\/embed\/CoOGsF6bZEw?feature=oembed&#038;enablejsapi=1\" frameborder=\"0\" allow=\"accelerometer; autoplay; encrypted-media; gyroscope; picture-in-picture\" allowfullscreen><\/iframe><\/div>\n","protected":false},"excerpt":{"rendered":"<p>El m\u00fasico estadounidense falleci\u00f3 a los 76 a\u00f1os. El m\u00fasico estadounidense Scott Walker muri\u00f3 a los 76 a\u00f1os, seg\u00fan confirma su sello discogr\u00e1fico 4AD, que en un comunicado le define como \u00abun artista solista, productor y compositor de originalidad intransigente\u00bb. \u00abDe \u00eddolo juvenil a icono cultural, Scott deja a las generaciones futuras un legado de [&hellip;]<\/p>\n","protected":false},"author":1,"featured_media":62483,"comment_status":"closed","ping_status":"closed","sticky":false,"template":"","format":"standard","meta":{"_seopress_robots_primary_cat":"","_seopress_titles_title":"","_seopress_titles_desc":"","_seopress_robots_index":"","footnotes":""},"categories":[5],"tags":[23319,23317,23318],"class_list":{"0":"post-62482","1":"post","2":"type-post","3":"status-publish","4":"format-standard","5":"has-post-thumbnail","7":"category-musica","8":"tag-muerte-de-scott-walker","9":"tag-murio-scott-walker","10":"tag-scott-walker"},"_links":{"self":[{"href":"https:\/\/www.cordobatimes.com\/showup\/wp-json\/wp\/v2\/posts\/62482","targetHints":{"allow":["GET"]}}],"collection":[{"href":"https:\/\/www.cordobatimes.com\/showup\/wp-json\/wp\/v2\/posts"}],"about":[{"href":"https:\/\/www.cordobatimes.com\/showup\/wp-json\/wp\/v2\/types\/post"}],"author":[{"embeddable":true,"href":"https:\/\/www.cordobatimes.com\/showup\/wp-json\/wp\/v2\/users\/1"}],"replies":[{"embeddable":true,"href":"https:\/\/www.cordobatimes.com\/showup\/wp-json\/wp\/v2\/comments?post=62482"}],"version-history":[{"count":0,"href":"https:\/\/www.cordobatimes.com\/showup\/wp-json\/wp\/v2\/posts\/62482\/revisions"}],"wp:featuredmedia":[{"embeddable":true,"href":"https:\/\/www.cordobatimes.com\/showup\/wp-json\/wp\/v2\/media\/62483"}],"wp:attachment":[{"href":"https:\/\/www.cordobatimes.com\/showup\/wp-json\/wp\/v2\/media?parent=62482"}],"wp:term":[{"taxonomy":"category","embeddable":true,"href":"https:\/\/www.cordobatimes.com\/showup\/wp-json\/wp\/v2\/categories?post=62482"},{"taxonomy":"post_tag","embeddable":true,"href":"https:\/\/www.cordobatimes.com\/showup\/wp-json\/wp\/v2\/tags?post=62482"}],"curies":[{"name":"wp","href":"https:\/\/api.w.org\/{rel}","templated":true}]}}