{"id":62436,"date":"2019-03-23T16:50:28","date_gmt":"2019-03-23T19:50:28","guid":{"rendered":"https:\/\/www.cordobatimes.com\/showup\/?p=62436"},"modified":"2022-10-31T22:14:15","modified_gmt":"2022-11-01T01:14:15","slug":"flor-vigna-vuelve-al-bailando-2019","status":"publish","type":"post","link":"https:\/\/www.cordobatimes.com\/showup\/tv\/2019\/03\/23\/flor-vigna-vuelve-al-bailando-2019\/","title":{"rendered":"Flor Vigna vuelve al Bailando 2019"},"content":{"rendered":"<h3><strong>Aunque Vigna hab\u00eda asegurado que no regresar\u00eda a ShowMatch para dedicarse de lleno al teatro, Marcelo logr\u00f3 que firmara para esta temporada.<\/strong><\/h3>\n<p>Marcelo Tinelli\u00a0sigue armando la lista para el\u00a0Bailando.\u00a0El conductor ya anunci\u00f3 que a fines de abril se levantar\u00e1 el tel\u00f3n de la trig\u00e9sima temporada del programa m\u00e1s visto de la televisi\u00f3n argentina y para esta celebraci\u00f3n quiere armar un verdadero dream team en la pista.<\/p>\n<p>Por eso\u00a0ya se asegur\u00f3 la presencia de\u00a0Flor Vigna\u00a0quien es una de las protagonistas del \u00e9xito teatral de Calle Corrientes, Una semana nada m\u00e1s, y es una de las m\u00e1s seguidas en las redes sociales.<\/p>\n<p>Vigna adem\u00e1s\u00a0ya tiene a su bailar\u00edn arreglado y ser\u00e1 Facundo Mazzei\u00a0el encargado de acompa\u00f1arla. Esta bomba es sin dudas una de las noticias m\u00e1s fuertes del Bailando ya que a comienzos de a\u00f1o la propia Flor hab\u00eda anticipado que este a\u00f1o no iba a estar en la pista.<\/p>\n<p>\u201cAprend\u00ed tantas cosas en ShowMatch, la pas\u00e9 tan bien, conoc\u00ed gente maravillosa como Pedro (Alfonso) y Paula (Chaves). Le tengo un gran cari\u00f1o y quiero volver al Bailando, pero este a\u00f1o me pasa que quiero darle prioridad a la obra, que viene siendo un \u00e9xito. Quiero que el mundo conozca esta obra y que me conozcan tambi\u00e9n haciendo este laburo, que me pone orgullosa\u201d, dijo con contundencia.<\/p>\n<p>Lo cierto es que parece ser que la palabra de Tinelli otra vez tuvo el peso suficiente como para convencerla\u00a0y la tendr\u00e1 nuevamente en el elenco.<\/p>\n","protected":false},"excerpt":{"rendered":"<p>Aunque Vigna hab\u00eda asegurado que no regresar\u00eda a ShowMatch para dedicarse de lleno al teatro, Marcelo logr\u00f3 que firmara para esta temporada. Marcelo Tinelli\u00a0sigue armando la lista para el\u00a0Bailando.\u00a0El conductor ya anunci\u00f3 que a fines de abril se levantar\u00e1 el tel\u00f3n de la trig\u00e9sima temporada del programa m\u00e1s visto de la televisi\u00f3n argentina y para [&hellip;]<\/p>\n","protected":false},"author":1,"featured_media":62437,"comment_status":"closed","ping_status":"closed","sticky":false,"template":"","format":"standard","meta":{"_seopress_robots_primary_cat":"","_seopress_titles_title":"","_seopress_titles_desc":"","_seopress_robots_index":"","footnotes":""},"categories":[477,2],"tags":[23299,23298],"class_list":{"0":"post-62436","1":"post","2":"type-post","3":"status-publish","4":"format-standard","5":"has-post-thumbnail","7":"category-showmatch","8":"category-tv","9":"tag-flor-vigna-bailando","10":"tag-flor-vigna-vuelve-al-bailando-2019"},"_links":{"self":[{"href":"https:\/\/www.cordobatimes.com\/showup\/wp-json\/wp\/v2\/posts\/62436","targetHints":{"allow":["GET"]}}],"collection":[{"href":"https:\/\/www.cordobatimes.com\/showup\/wp-json\/wp\/v2\/posts"}],"about":[{"href":"https:\/\/www.cordobatimes.com\/showup\/wp-json\/wp\/v2\/types\/post"}],"author":[{"embeddable":true,"href":"https:\/\/www.cordobatimes.com\/showup\/wp-json\/wp\/v2\/users\/1"}],"replies":[{"embeddable":true,"href":"https:\/\/www.cordobatimes.com\/showup\/wp-json\/wp\/v2\/comments?post=62436"}],"version-history":[{"count":0,"href":"https:\/\/www.cordobatimes.com\/showup\/wp-json\/wp\/v2\/posts\/62436\/revisions"}],"wp:featuredmedia":[{"embeddable":true,"href":"https:\/\/www.cordobatimes.com\/showup\/wp-json\/wp\/v2\/media\/62437"}],"wp:attachment":[{"href":"https:\/\/www.cordobatimes.com\/showup\/wp-json\/wp\/v2\/media?parent=62436"}],"wp:term":[{"taxonomy":"category","embeddable":true,"href":"https:\/\/www.cordobatimes.com\/showup\/wp-json\/wp\/v2\/categories?post=62436"},{"taxonomy":"post_tag","embeddable":true,"href":"https:\/\/www.cordobatimes.com\/showup\/wp-json\/wp\/v2\/tags?post=62436"}],"curies":[{"name":"wp","href":"https:\/\/api.w.org\/{rel}","templated":true}]}}