{"id":62217,"date":"2019-03-15T18:34:08","date_gmt":"2019-03-15T21:34:08","guid":{"rendered":"https:\/\/www.cordobatimes.com\/showup\/?p=62217"},"modified":"2023-07-04T18:23:40","modified_gmt":"2023-07-04T21:23:40","slug":"nahir-galarza-se-confeso-ante-las-camaras-de-tv-fernando-pudo-haber-evitado-todo","status":"publish","type":"post","link":"https:\/\/www.cordobatimes.com\/showup\/tv\/2019\/03\/15\/nahir-galarza-se-confeso-ante-las-camaras-de-tv-fernando-pudo-haber-evitado-todo\/","title":{"rendered":"Nahir Galarza se confes\u00f3 ante las c\u00e1maras de TV: \u201cFernando pudo haber evitado todo\u201d (video)"},"content":{"rendered":"<h3><strong>Nahir Galarza\u00a0pasa sus d\u00edas en el pabell\u00f3n de seguridad del Penal de Mujeres de Paran\u00e1, tras ser\u00a0condenada por el asesinato\u00a0de Fernando Pastorizzo. All\u00ed, la chica de 20 a\u00f1os dio la primera entrevista televisiva tras la sentencia.<\/strong><\/h3>\n<p>Frente a Mariana Fabbiani, Galarza\u00a0cont\u00f3\u00a0<strong>detalles de su relaci\u00f3n con Pastorizzo\u00a0<\/strong>y\u00a0describi\u00f3 su estad\u00eda adentro de la c\u00e1rcel. Adem\u00e1s,\u00a0reafirm\u00f3 que habr\u00eda sido v\u00edctima de\u00a0<strong>violencia de g\u00e9nero<\/strong>.<\/p>\n<blockquote><p>\u00abLa escuch\u00e9 pronunciar palabras que nunca pens\u00e9 que pod\u00eda decir\u00bb, explic\u00f3\u00a0la\u00a0conductora de\u00a0<em>El diario de Mariana<\/em>.<\/p><\/blockquote>\n<p>En la entrevista, la condenada llevaba una remera rosa y el pelo lacio. En un primer fragmento, Galarza indic\u00f3 que el d\u00eda del asesinato \u00abno pod\u00eda reaccionar, no sab\u00eda lo que estaba pasando, no ca\u00eda\u00bb.<\/p>\n<p>\u00ab\u00bfQu\u00e9 pensabas?\u00bb, pregunt\u00f3 Fabbiani. \u00abNada, no ten\u00eda nada en la mente. (&#8230;) Si me pregunt\u00e1s c\u00f3mo hice para llegar a mi casa, no me acuerdo\u00bb, dijo la joven, quien aclar\u00f3 que era \u00abuna bola de nervios\u00bb.\u00a0<strong>\u00abTom\u00e9 conciencia tres meses despu\u00e9s de que Fernando hab\u00eda fallecido\u00bb<\/strong>, agreg\u00f3.<\/p>\n<p>\u00abMe llama la atenci\u00f3n que repitas que Fernando &#8216;falleci\u00f3&#8217;, como si se tratara de una muerte natural\u00bb, replic\u00f3 Fabbiani. \u00abEl que haya sido accidental o no, la realidad es que hay una persona que falleci\u00f3\u00bb, fue la respuesta. Despu\u00e9s, aclar\u00f3 que no quiere pensar en la \u00faltima imagen que tiene de Pastorizzo y permaneci\u00f3 en silencio.<\/p>\n<p>Las pausas y miradas silenciosas se repitieron en distintas ocasiones: \u00abComunican\u00a0m\u00e1s que las palabras\u00bb, resumi\u00f3 Fabbiani.<\/p>\n<div class=\"sp__SM\">\n<div class=\"content-new \">\n<div class=\"mg\">\n<div class=\"wrap-figure\">\u00abNo nos tendr\u00edamos que haber visto ese d\u00eda, (&#8230;) la historia hubiese sido lo contrario\u00bb, sostuvo Galarza. Despu\u00e9s\u00a0aclar\u00f3 que\u00a0<strong>\u00abpiensa en Fernando\u00bb.\u00a0<\/strong>\u00abMe siento culpable porque m\u00e1s all\u00e1 de todo lo que pas\u00f3 conmigo, \u00e9l era una persona y ten\u00eda casi mi misma edad\u00bb, explic\u00f3. Pero aclar\u00f3:\u00a0<strong>\u00ab\u00bfSi me sent\u00ed responsable de lo que pas\u00f3? Te dir\u00eda que no\u00bb<\/strong>.<\/div>\n<\/div>\n<\/div>\n<\/div>\n<div><\/div>\n<div>Galarza\u00a0advirti\u00f3 que las pericias no dicen la verdad.\u00a0<strong>\u00abFernando pudo haber evitado todo\u00bb<\/strong>, sostuvo.<\/div>\n<div><\/div>\n<div>El 3 de julio del a\u00f1o pasado, Nahir Galarza se convirti\u00f3 en la mujer m\u00e1s joven condenada en el pa\u00eds a prisi\u00f3n\u00a0perpetua por el delito de \u00abhomicidio agravado\u00bb por el v\u00ednculo de pareja.\u00a0<strong>La sentencia a\u00fan no est\u00e1 firme y depende de la decisi\u00f3n de la C\u00e1mara de Casaci\u00f3n Penal de Paran\u00e1.\u00a0<\/strong><\/div>\n<div>\n<div style=\"width: 640px;\" class=\"wp-video\"><video class=\"wp-video-shortcode\" id=\"video-62217-1\" width=\"640\" height=\"360\" preload=\"metadata\" controls=\"controls\"><source type=\"video\/mp4\" src=\"https:\/\/www.cordobatimes.com\/showup\/wp-content\/uploads\/2019\/03\/videoplayback-2.mp4?_=1\" \/><a href=\"https:\/\/www.cordobatimes.com\/showup\/wp-content\/uploads\/2019\/03\/videoplayback-2.mp4\">https:\/\/www.cordobatimes.com\/showup\/wp-content\/uploads\/2019\/03\/videoplayback-2.mp4<\/a><\/video><\/div>\n<\/div>\n<div class=\"sp__SM\">\n<div class=\"content-new \">\n<div><\/div>\n<\/div>\n<\/div>\n","protected":false},"excerpt":{"rendered":"<p>Nahir Galarza\u00a0pasa sus d\u00edas en el pabell\u00f3n de seguridad del Penal de Mujeres de Paran\u00e1, tras ser\u00a0condenada por el asesinato\u00a0de Fernando Pastorizzo. All\u00ed, la chica de 20 a\u00f1os dio la primera entrevista televisiva tras la sentencia. Frente a Mariana Fabbiani, Galarza\u00a0cont\u00f3\u00a0detalles de su relaci\u00f3n con Pastorizzo\u00a0y\u00a0describi\u00f3 su estad\u00eda adentro de la c\u00e1rcel. Adem\u00e1s,\u00a0reafirm\u00f3 que habr\u00eda [&hellip;]<\/p>\n","protected":false},"author":1,"featured_media":62220,"comment_status":"closed","ping_status":"closed","sticky":false,"template":"","format":"video","meta":{"_seopress_robots_primary_cat":"","_seopress_titles_title":"","_seopress_titles_desc":"","_seopress_robots_index":"","footnotes":""},"categories":[2],"tags":[37610,23274,25556,37611],"class_list":{"0":"post-62217","1":"post","2":"type-post","3":"status-publish","4":"format-video","5":"has-post-thumbnail","7":"category-tv","8":"tag-caso-nahir-galarza","9":"tag-entrevista-de-mariana-fabianni-a-nahir-galarza","10":"tag-nahir-galarza-fernando-pastorizzo","11":"tag-nahir-galarza-mariana-fabbiani","12":"post_format-post-format-video"},"_links":{"self":[{"href":"https:\/\/www.cordobatimes.com\/showup\/wp-json\/wp\/v2\/posts\/62217","targetHints":{"allow":["GET"]}}],"collection":[{"href":"https:\/\/www.cordobatimes.com\/showup\/wp-json\/wp\/v2\/posts"}],"about":[{"href":"https:\/\/www.cordobatimes.com\/showup\/wp-json\/wp\/v2\/types\/post"}],"author":[{"embeddable":true,"href":"https:\/\/www.cordobatimes.com\/showup\/wp-json\/wp\/v2\/users\/1"}],"replies":[{"embeddable":true,"href":"https:\/\/www.cordobatimes.com\/showup\/wp-json\/wp\/v2\/comments?post=62217"}],"version-history":[{"count":0,"href":"https:\/\/www.cordobatimes.com\/showup\/wp-json\/wp\/v2\/posts\/62217\/revisions"}],"wp:featuredmedia":[{"embeddable":true,"href":"https:\/\/www.cordobatimes.com\/showup\/wp-json\/wp\/v2\/media\/62220"}],"wp:attachment":[{"href":"https:\/\/www.cordobatimes.com\/showup\/wp-json\/wp\/v2\/media?parent=62217"}],"wp:term":[{"taxonomy":"category","embeddable":true,"href":"https:\/\/www.cordobatimes.com\/showup\/wp-json\/wp\/v2\/categories?post=62217"},{"taxonomy":"post_tag","embeddable":true,"href":"https:\/\/www.cordobatimes.com\/showup\/wp-json\/wp\/v2\/tags?post=62217"}],"curies":[{"name":"wp","href":"https:\/\/api.w.org\/{rel}","templated":true}]}}