{"id":62176,"date":"2019-03-14T12:16:37","date_gmt":"2019-03-14T15:16:37","guid":{"rendered":"https:\/\/www.cordobatimes.com\/showup\/?p=62176"},"modified":"2019-03-14T17:04:53","modified_gmt":"2019-03-14T20:04:53","slug":"lali-esposito-llego-a-los-200-millones-de-streams-con-su-disco-brava","status":"publish","type":"post","link":"https:\/\/www.cordobatimes.com\/showup\/musica\/2019\/03\/14\/lali-esposito-llego-a-los-200-millones-de-streams-con-su-disco-brava\/","title":{"rendered":"Lali Esp\u00f3sito lleg\u00f3 a los 200 millones de streams con su disco \u00abBrava\u00bb"},"content":{"rendered":"<h3><b>Es una de las cantantes m\u00e1s importantes del pa\u00eds y viene cosechando \u00e9xitos desde el inicio de su carrera.\u00a0\u00a0<\/b><\/h3>\n<p>Su disco \u00abBrava\u00bb crece a pasos agigantados desde que sali\u00f3 a la venta\u00a0 y cuenta con grandes colaboraciones como la de Mau Y Ricky, Pablo Vittar, Abraham Mateo,A.CHAL y Reik.<\/p>\n<p><iframe loading=\"lazy\" src=\"https:\/\/www.youtube.com\/embed\/A44i5rzysuY\" width=\"560\" height=\"315\" frameborder=\"0\" allowfullscreen=\"allowfullscreen\"><\/iframe><\/p>\n<p><iframe loading=\"lazy\" src=\"https:\/\/www.youtube.com\/embed\/yiimbqqFkKc\" width=\"560\" height=\"315\" frameborder=\"0\" allowfullscreen=\"allowfullscreen\"><\/iframe><\/p>\n<p><iframe loading=\"lazy\" src=\"https:\/\/www.youtube.com\/embed\/DgD9aBkCKUM\" width=\"560\" height=\"315\" frameborder=\"0\" allowfullscreen=\"allowfullscreen\"><\/iframe><\/p>\n<p><iframe loading=\"lazy\" src=\"https:\/\/www.youtube.com\/embed\/7A1knty0tvg\" width=\"560\" height=\"315\" frameborder=\"0\" allowfullscreen=\"allowfullscreen\"><\/iframe><br \/>\n\u00bb<br \/>\nDebido al gran \u00e9xito y repercusi\u00f3n de su material, realiz\u00f3 la canci\u00f3n \u00abLindo, Pero Bruto\u00bb junto a Thal\u00eda y adem\u00e1s le abri\u00f3 las puertas de Miami con su participaci\u00f3n en \u00abPremios Lo Nuestro\u00bb<\/p>\n<p><iframe loading=\"lazy\" src=\"https:\/\/www.youtube.com\/embed\/PjLNpTMmRZw\" width=\"560\" height=\"315\" frameborder=\"0\" allowfullscreen=\"allowfullscreen\"><\/iframe><\/p>\n<p><iframe loading=\"lazy\" src=\"https:\/\/www.youtube.com\/embed\/GxKpdakp_EY\" width=\"560\" height=\"315\" frameborder=\"0\" allowfullscreen=\"allowfullscreen\"><\/iframe><\/p>\n<p>Este Mi\u00e9rcoles por la noche Lali expres\u00f3 su emoci\u00f3n desde su instagram con un sentido mensaje de agradecimiento, a sus fans y a todo su equipo de trabajo.<\/p>\n<blockquote class=\"instagram-media\" style=\"background: #FFF; border: 0; border-radius: 3px; box-shadow: 0 0 1px 0 rgba(0,0,0,0.5),0 1px 10px 0 rgba(0,0,0,0.15); margin: 1px; max-width: 540px; min-width: 326px; padding: 0; width: calc(100% - 2px);\" data-instgrm-captioned=\"\" data-instgrm-permalink=\"https:\/\/www.instagram.com\/p\/Bu-VauHA8Ay\/?utm_source=ig_embed&amp;utm_medium=loading\" data-instgrm-version=\"12\">\n<div style=\"padding: 16px;\">\n<p>&nbsp;<\/p>\n<div style=\"display: flex; flex-direction: row; align-items: center;\">\n<div style=\"background-color: #f4f4f4; border-radius: 50%; flex-grow: 0; height: 40px; margin-right: 14px; width: 40px;\"><\/div>\n<div style=\"display: flex; flex-direction: column; flex-grow: 1; justify-content: center;\">\n<div style=\"background-color: #f4f4f4; border-radius: 4px; flex-grow: 0; height: 14px; margin-bottom: 6px; width: 100px;\"><\/div>\n<div style=\"background-color: #f4f4f4; border-radius: 4px; flex-grow: 0; height: 14px; width: 60px;\"><\/div>\n<\/div>\n<\/div>\n<div style=\"padding: 19% 0;\"><\/div>\n<div style=\"display: block; height: 50px; margin: 0 auto 12px; width: 50px;\"><\/div>\n<div style=\"padding-top: 8px;\">\n<div style=\"color: #3897f0; font-family: Arial,sans-serif; font-size: 14px; font-style: normal; font-weight: 550; line-height: 18px;\">Ver esta publicaci\u00f3n en Instagram<\/div>\n<\/div>\n<div style=\"padding: 12.5% 0;\"><\/div>\n<div style=\"display: flex; flex-direction: row; margin-bottom: 14px; align-items: center;\">\n<div>\n<div style=\"background-color: #f4f4f4; border-radius: 50%; height: 12.5px; width: 12.5px; transform: translateX(0px) translateY(7px);\"><\/div>\n<div style=\"background-color: #f4f4f4; height: 12.5px; transform: rotate(-45deg) translateX(3px) translateY(1px); width: 12.5px; flex-grow: 0; margin-right: 14px; margin-left: 2px;\"><\/div>\n<div style=\"background-color: #f4f4f4; border-radius: 50%; height: 12.5px; width: 12.5px; transform: translateX(9px) translateY(-18px);\"><\/div>\n<\/div>\n<div style=\"margin-left: 8px;\">\n<div style=\"background-color: #f4f4f4; border-radius: 50%; flex-grow: 0; height: 20px; width: 20px;\"><\/div>\n<div style=\"width: 0; height: 0; border-top: 2px solid transparent; border-left: 6px solid #f4f4f4; border-bottom: 2px solid transparent; transform: translateX(16px) translateY(-4px) rotate(30deg);\"><\/div>\n<\/div>\n<div style=\"margin-left: auto;\">\n<div style=\"width: 0px; border-top: 8px solid #F4F4F4; border-right: 8px solid transparent; transform: translateY(16px);\"><\/div>\n<div style=\"background-color: #f4f4f4; flex-grow: 0; height: 12px; width: 16px; transform: translateY(-4px);\"><\/div>\n<div style=\"width: 0; height: 0; border-top: 8px solid #F4F4F4; border-left: 8px solid transparent; transform: translateY(-4px) translateX(8px);\"><\/div>\n<\/div>\n<\/div>\n<p>&nbsp;<\/p>\n<p style=\"margin: 8px 0 0 0; padding: 0 4px;\"><a style=\"color: #000; font-family: Arial,sans-serif; font-size: 14px; font-style: normal; font-weight: normal; line-height: 17px; text-decoration: none; word-wrap: break-word;\" href=\"https:\/\/www.instagram.com\/p\/Bu-VauHA8Ay\/?utm_source=ig_embed&amp;utm_medium=loading\" target=\"_blank\" rel=\"noopener noreferrer\">Profundamente agradecida a TODA esta familia enorme y amorosa que es Sony Music por entregarme de SORPRESA TOTAL este cuadro que me va a recordar para toda la vida lo que USTEDES ,fieles seguidores de mi trabajo y de mi vida,hicieron con mi disco BRAVA en s\u00f3lo meses!!! 200 MILLONES de streams para mi disco en s\u00f3lo este tiempo. Soy del SUR DEL MUNDO. Nunca me sent\u00ed menos pero nunca imagin\u00e9 tanto! Y miren que imagine y so\u00f1\u00e9 eh&#8230;..\ud83d\ude4f Es as\u00ed como dicen&#8230; los sue\u00f1os se cumplen&#8230;a base de trabajo DURO y de JAM\u00c1S dejar de ser VOS MISMO. Eso creo yo! Gracias a todo mi equipo Gracias a todos todos todos los artistas que participaron en la creaci\u00f3n de este disco Gracias a mis amores que me impulsan todos los d\u00edas Gracias al universo por proveer Gracias a quienes me siguen de TODA la vida ,de toda la historia Y a los que me siguen desde este tercer e incre\u00edble disco Gracias de nuevo por CREER EN MI\u2764\ufe0f<\/a><\/p>\n<p style=\"color: #c9c8cd; font-family: Arial,sans-serif; font-size: 14px; line-height: 17px; margin-bottom: 0; margin-top: 8px; overflow: hidden; padding: 8px 0 7px; text-align: center; text-overflow: ellipsis; white-space: nowrap;\">Una publicaci\u00f3n compartida de <a style=\"color: #c9c8cd; font-family: Arial,sans-serif; font-size: 14px; font-style: normal; font-weight: normal; line-height: 17px;\" href=\"https:\/\/www.instagram.com\/lalioficial\/?utm_source=ig_embed&amp;utm_medium=loading\" target=\"_blank\" rel=\"noopener noreferrer\"> LALI<\/a> (@lalioficial) el <time style=\"font-family: Arial,sans-serif; font-size: 14px; line-height: 17px;\" datetime=\"2019-03-14T03:40:26+00:00\">13 Mar, 2019 a las 8:40 PDT<\/time><\/p>\n<\/div>\n<\/blockquote>\n<p><script async src=\"\/\/www.instagram.com\/embed.js\"><\/script><\/p>\n<p><iframe loading=\"lazy\" src=\"https:\/\/www.youtube.com\/embed\/ThmctcZlF84\" width=\"560\" height=\"315\" frameborder=\"0\" allowfullscreen=\"allowfullscreen\"><\/iframe><\/p>\n","protected":false},"excerpt":{"rendered":"<p>Es una de las cantantes m\u00e1s importantes del pa\u00eds y viene cosechando \u00e9xitos desde el inicio de su carrera.\u00a0\u00a0 Su disco \u00abBrava\u00bb crece a pasos agigantados desde que sali\u00f3 a la venta\u00a0 y cuenta con grandes colaboraciones como la de Mau Y Ricky, Pablo Vittar, Abraham Mateo,A.CHAL y Reik. \u00bb Debido al gran \u00e9xito y [&hellip;]<\/p>\n","protected":false},"author":1,"featured_media":62177,"comment_status":"closed","ping_status":"closed","sticky":false,"template":"","format":"standard","meta":{"_seopress_robots_primary_cat":"","_seopress_titles_title":"","_seopress_titles_desc":"","_seopress_robots_index":"","footnotes":""},"categories":[5],"tags":[1327,23271,23272,23270,18630,23269],"class_list":{"0":"post-62176","1":"post","2":"type-post","3":"status-publish","4":"format-standard","5":"has-post-thumbnail","7":"category-musica","8":"tag-lali-esposito","9":"tag-lali-esposito-brava","10":"tag-lali-esposito-disco-brava","11":"tag-lali-esposito-discos","12":"tag-lali-esposito-notas","13":"tag-notas-de-lali"},"_links":{"self":[{"href":"https:\/\/www.cordobatimes.com\/showup\/wp-json\/wp\/v2\/posts\/62176","targetHints":{"allow":["GET"]}}],"collection":[{"href":"https:\/\/www.cordobatimes.com\/showup\/wp-json\/wp\/v2\/posts"}],"about":[{"href":"https:\/\/www.cordobatimes.com\/showup\/wp-json\/wp\/v2\/types\/post"}],"author":[{"embeddable":true,"href":"https:\/\/www.cordobatimes.com\/showup\/wp-json\/wp\/v2\/users\/1"}],"replies":[{"embeddable":true,"href":"https:\/\/www.cordobatimes.com\/showup\/wp-json\/wp\/v2\/comments?post=62176"}],"version-history":[{"count":0,"href":"https:\/\/www.cordobatimes.com\/showup\/wp-json\/wp\/v2\/posts\/62176\/revisions"}],"wp:featuredmedia":[{"embeddable":true,"href":"https:\/\/www.cordobatimes.com\/showup\/wp-json\/wp\/v2\/media\/62177"}],"wp:attachment":[{"href":"https:\/\/www.cordobatimes.com\/showup\/wp-json\/wp\/v2\/media?parent=62176"}],"wp:term":[{"taxonomy":"category","embeddable":true,"href":"https:\/\/www.cordobatimes.com\/showup\/wp-json\/wp\/v2\/categories?post=62176"},{"taxonomy":"post_tag","embeddable":true,"href":"https:\/\/www.cordobatimes.com\/showup\/wp-json\/wp\/v2\/tags?post=62176"}],"curies":[{"name":"wp","href":"https:\/\/api.w.org\/{rel}","templated":true}]}}