{"id":62119,"date":"2019-03-13T17:37:00","date_gmt":"2019-03-13T20:37:00","guid":{"rendered":"https:\/\/www.cordobatimes.com\/showup\/?p=62119"},"modified":"2019-03-13T17:37:00","modified_gmt":"2019-03-13T20:37:00","slug":"un-nuevo-parte-medico-del-estado-de-salud-de-sergio-denis","status":"publish","type":"post","link":"https:\/\/www.cordobatimes.com\/showup\/musica\/2019\/03\/13\/un-nuevo-parte-medico-del-estado-de-salud-de-sergio-denis\/","title":{"rendered":"Un nuevo parte m\u00e9dico del estado de salud de Sergio Denis"},"content":{"rendered":"<h3><strong>La directora del hospital \u00c1ngel Padilla habl\u00f3 de la salud del artista que se encuentra internado desde el lunes tras haberse ca\u00eddo del escenario durante un show.<\/strong><\/h3>\n<p>Olga Fern\u00e1ndez, directora del Hospital \u00c1ngel C. Padilla de Tucum\u00e1n, dio a conocer un nuevo parte m\u00e9dico de Sergio Denis. El cantante se encuentra internado desde el lunes por la noche, luego de haberse ca\u00eddo desde el escenario del teatro Mercedes Sosa al foso de orquesta.<\/p>\n<p>\u00abEl paciente mostr\u00f3 un agravamiento de su estado consecuencia de la evoluci\u00f3n del politraumatismo, trauma de cr\u00e1neo grave, trauma cerrado de t\u00f3rax con contusi\u00f3n lateral bipulmonar e inestabilidad hemodin\u00e1mica a pesar del sost\u00e9n farmacol\u00f3gico, contin\u00faa en asistencia respiratoria mec\u00e1nica\u00bb, inici\u00f3 la doctora.<\/p>\n<p>Adem\u00e1s, dijo que el pr\u00f3ximo parte ser\u00eda emitido en funci\u00f3n del estado y pas\u00f3 en limpio: \u00abHay un empeoramiento de su estado cl\u00ednico y hay hemodin\u00e1micamente mayor inestabilidad, debido a los politraumatismos con los que ingres\u00f3\u00bb.<\/p>\n<p>Confirm\u00f3 que no ser\u00e1 trasladado a Buenos Aires y que el hospital cuenta con todos los recursos (humanos y mec\u00e1nicos) para atender al artista, que adem\u00e1s tampoco est\u00e1 en condiciones de un traslado.<\/p>\n<p>\u00abVino con un politraumatismo muy importante. Estamos peleando por su vida, trabajando para salvarlo. Las primeras 48 horas son fundamentales y no podemos dar pron\u00f3sticos\u00bb, dijo la m\u00e9dica.<\/p>\n","protected":false},"excerpt":{"rendered":"<p>La directora del hospital \u00c1ngel Padilla habl\u00f3 de la salud del artista que se encuentra internado desde el lunes tras haberse ca\u00eddo del escenario durante un show. Olga Fern\u00e1ndez, directora del Hospital \u00c1ngel C. Padilla de Tucum\u00e1n, dio a conocer un nuevo parte m\u00e9dico de Sergio Denis. El cantante se encuentra internado desde el lunes [&hellip;]<\/p>\n","protected":false},"author":1,"featured_media":62120,"comment_status":"closed","ping_status":"closed","sticky":false,"template":"","format":"standard","meta":{"_seopress_robots_primary_cat":"","_seopress_titles_title":"","_seopress_titles_desc":"","_seopress_robots_index":"","footnotes":""},"categories":[5],"tags":[23265,23256,9321,1268,5673],"class_list":{"0":"post-62119","1":"post","2":"type-post","3":"status-publish","4":"format-standard","5":"has-post-thumbnail","7":"category-musica","8":"tag-angel-padilla","9":"tag-estado-de-salud-de-sergio-denis","10":"tag-parte-medico","11":"tag-sergio-denis","12":"tag-tucuman"},"_links":{"self":[{"href":"https:\/\/www.cordobatimes.com\/showup\/wp-json\/wp\/v2\/posts\/62119","targetHints":{"allow":["GET"]}}],"collection":[{"href":"https:\/\/www.cordobatimes.com\/showup\/wp-json\/wp\/v2\/posts"}],"about":[{"href":"https:\/\/www.cordobatimes.com\/showup\/wp-json\/wp\/v2\/types\/post"}],"author":[{"embeddable":true,"href":"https:\/\/www.cordobatimes.com\/showup\/wp-json\/wp\/v2\/users\/1"}],"replies":[{"embeddable":true,"href":"https:\/\/www.cordobatimes.com\/showup\/wp-json\/wp\/v2\/comments?post=62119"}],"version-history":[{"count":0,"href":"https:\/\/www.cordobatimes.com\/showup\/wp-json\/wp\/v2\/posts\/62119\/revisions"}],"wp:featuredmedia":[{"embeddable":true,"href":"https:\/\/www.cordobatimes.com\/showup\/wp-json\/wp\/v2\/media\/62120"}],"wp:attachment":[{"href":"https:\/\/www.cordobatimes.com\/showup\/wp-json\/wp\/v2\/media?parent=62119"}],"wp:term":[{"taxonomy":"category","embeddable":true,"href":"https:\/\/www.cordobatimes.com\/showup\/wp-json\/wp\/v2\/categories?post=62119"},{"taxonomy":"post_tag","embeddable":true,"href":"https:\/\/www.cordobatimes.com\/showup\/wp-json\/wp\/v2\/tags?post=62119"}],"curies":[{"name":"wp","href":"https:\/\/api.w.org\/{rel}","templated":true}]}}