{"id":62086,"date":"2019-03-13T08:42:33","date_gmt":"2019-03-13T11:42:33","guid":{"rendered":"https:\/\/www.cordobatimes.com\/showup\/?p=62086"},"modified":"2019-03-13T10:57:37","modified_gmt":"2019-03-13T13:57:37","slug":"tras-presentarse-en-el-mismo-teatro-lali-esposito-hizo-una-advertencia-respecto-a-la-fosa-en-la-que-se-cayo-sergio-denis","status":"publish","type":"post","link":"https:\/\/www.cordobatimes.com\/showup\/famosos\/2019\/03\/13\/tras-presentarse-en-el-mismo-teatro-lali-esposito-hizo-una-advertencia-respecto-a-la-fosa-en-la-que-se-cayo-sergio-denis\/","title":{"rendered":"Tras presentarse en el mismo teatro Lali Esp\u00f3sito hizo una advertencia respecto a la fosa en la que se cay\u00f3 Sergio Denis"},"content":{"rendered":"<h3><strong>A pocas horas del grave accidente del cantante, sali\u00f3 a la luz en redes un video en el que se la escucha a\u00a0Esp\u00f3sito\u00a0bromeando, con conciencia, sobre la fosa.<\/strong><\/h3>\n<p>A temprana edad, la carrera art\u00edstica de Lali Esp\u00f3sito  la llev\u00f3 a recorrer muchos escenarios locales e internacionales.  <\/p>\n<p>Sin embargo, y tras el grave accidente que sufri\u00f3 Sergio Denis, al caer en una fosa, en el Teatro Mercedes Sosa de Tucum\u00e1n, una fan de la cantante record\u00f3 que Lali se hab\u00eda presentado en el mismo espacio y, con una cuota de humor, hab\u00eda advertido sobre el peligro de la existencia de una profunda cavidad, bordeando el escenario. <\/p>\n<blockquote class=\"twitter-tweet\" data-lang=\"es\">\n<p lang=\"es\" dir=\"ltr\">Con todo lo que pas\u00f3 con Sergio Denis, record\u00e9  este video de cuando Lali vino a Tucum\u00e1n el a\u00f1o pasado. Lali hizo un chiste pero La realidad es que de verdad la rampa esa es un peligro y la fosa tambi\u00e9n lo es tanto para fans (la baranda es muy bajita) como para el artista <a href=\"https:\/\/t.co\/KZr1yTEGTy\">pic.twitter.com\/KZr1yTEGTy<\/a><\/p>\n<p>&mdash; bel \ud83c\udf39 (@SmileforTA) <a href=\"https:\/\/twitter.com\/SmileforTA\/status\/1105493153656856579?ref_src=twsrc%5Etfw\">12 de marzo de 2019<\/a><\/p><\/blockquote>\n<p><script async src=\"https:\/\/platform.twitter.com\/widgets.js\" charset=\"utf-8\"><\/script><\/p>\n<p>\u00abDije &#8216;buenas noches, Tucum\u00e1n'\u00bb, se la escucha decir a Lali en el video. Luego, y tras mirar hacia abajo, agrega: \u00abY la pregunta es la siguiente&#8230; y se ca\u00eda\u00bb. <\/p>\n<p>El mismo d\u00eda que se dio a conocer la noticia de la tr\u00e1gica ca\u00edda de Denis, Lali le escribi\u00f3 un mensaje de aliento a su colega, que pelea por su vida, y alert\u00f3 sobre los peligros e irregularidades con las que se encuentran los artistas en algunos complejos y teatros en los que se presentan.  <\/p>\n<blockquote class=\"twitter-tweet\" data-lang=\"es\">\n<p lang=\"es\" dir=\"ltr\">Mucha fuerza Sergio Denis y familia! Est\u00e1 LLENO de peligros evitables en muuuchos venues de nuestro pa\u00eds! P\u00f3nganse las pilas YA Lamentablemente hoy pago Sergio Que pena enorme! Esperemos se recupere pronto!<\/p>\n<p>&mdash; Lali (@lalioficial) <a href=\"https:\/\/twitter.com\/lalioficial\/status\/1105483189630525441?ref_src=twsrc%5Etfw\">12 de marzo de 2019<\/a><\/p><\/blockquote>\n<p><script async src=\"https:\/\/platform.twitter.com\/widgets.js\" charset=\"utf-8\"><\/script><\/p>\n","protected":false},"excerpt":{"rendered":"<p>A pocas horas del grave accidente del cantante, sali\u00f3 a la luz en redes un video en el que se la escucha a\u00a0Esp\u00f3sito\u00a0bromeando, con conciencia, sobre la fosa. A temprana edad, la carrera art\u00edstica de Lali Esp\u00f3sito la llev\u00f3 a recorrer muchos escenarios locales e internacionales. Sin embargo, y tras el grave accidente que sufri\u00f3 [&hellip;]<\/p>\n","protected":false},"author":1,"featured_media":62087,"comment_status":"closed","ping_status":"closed","sticky":false,"template":"","format":"standard","meta":{"_seopress_robots_primary_cat":"","_seopress_titles_title":"","_seopress_titles_desc":"","_seopress_robots_index":"","footnotes":""},"categories":[4],"tags":[23245,23261,1327,1268],"class_list":{"0":"post-62086","1":"post","2":"type-post","3":"status-publish","4":"format-standard","5":"has-post-thumbnail","7":"category-famosos","8":"tag-caida-de-sergio-denis","9":"tag-fosa-en-la-que-se-cayo-sergio-denis","10":"tag-lali-esposito","11":"tag-sergio-denis"},"_links":{"self":[{"href":"https:\/\/www.cordobatimes.com\/showup\/wp-json\/wp\/v2\/posts\/62086","targetHints":{"allow":["GET"]}}],"collection":[{"href":"https:\/\/www.cordobatimes.com\/showup\/wp-json\/wp\/v2\/posts"}],"about":[{"href":"https:\/\/www.cordobatimes.com\/showup\/wp-json\/wp\/v2\/types\/post"}],"author":[{"embeddable":true,"href":"https:\/\/www.cordobatimes.com\/showup\/wp-json\/wp\/v2\/users\/1"}],"replies":[{"embeddable":true,"href":"https:\/\/www.cordobatimes.com\/showup\/wp-json\/wp\/v2\/comments?post=62086"}],"version-history":[{"count":0,"href":"https:\/\/www.cordobatimes.com\/showup\/wp-json\/wp\/v2\/posts\/62086\/revisions"}],"wp:featuredmedia":[{"embeddable":true,"href":"https:\/\/www.cordobatimes.com\/showup\/wp-json\/wp\/v2\/media\/62087"}],"wp:attachment":[{"href":"https:\/\/www.cordobatimes.com\/showup\/wp-json\/wp\/v2\/media?parent=62086"}],"wp:term":[{"taxonomy":"category","embeddable":true,"href":"https:\/\/www.cordobatimes.com\/showup\/wp-json\/wp\/v2\/categories?post=62086"},{"taxonomy":"post_tag","embeddable":true,"href":"https:\/\/www.cordobatimes.com\/showup\/wp-json\/wp\/v2\/tags?post=62086"}],"curies":[{"name":"wp","href":"https:\/\/api.w.org\/{rel}","templated":true}]}}