{"id":62079,"date":"2019-03-13T09:49:19","date_gmt":"2019-03-13T12:49:19","guid":{"rendered":"https:\/\/www.cordobatimes.com\/showup\/?p=62079"},"modified":"2019-03-13T09:49:19","modified_gmt":"2019-03-13T12:49:19","slug":"como-esta-el-estado-de-salud-de-sergio-denis","status":"publish","type":"post","link":"https:\/\/www.cordobatimes.com\/showup\/musica\/2019\/03\/13\/como-esta-el-estado-de-salud-de-sergio-denis\/","title":{"rendered":"Como est\u00e1 el estado de salud de Sergio Denis"},"content":{"rendered":"<h3><strong>El cantante Sergio Denis contin\u00faa en estado cr\u00edtico, aunque present\u00f3 una leve mejor\u00eda. Eso indica el tercer parte revelado por Olga Fern\u00e1ndez, directora del Hospital Padilla de San Miguel de Tucum\u00e1n.<\/strong><\/h3>\n<p>&nbsp;<\/p>\n<p>\u201cContin\u00faa en estado cr\u00edtico con pron\u00f3stico reservado con sost\u00e9n hemodin\u00e1mico farmacol\u00f3gico. Se encuentra bajo sedaci\u00f3n y asistencia respiratoria mec\u00e1nica con buen ritmo diur\u00e9tico\u201d, informa el comunicado que ley\u00f3 la m\u00e9dica.<\/p>\n<p>\u201cEn el d\u00eda de la fecha se le realiz\u00f3 un doppler transcraneal en el cual se constata perfusi\u00f3n cerebral conservada. Contin\u00faa con monitoreo multimodal manteniendo valores normales de presi\u00f3n intracraneana. Se realiza nuevo escaneo ecogr\u00e1fico abdominal sin presentar nuevos hallazgos\u201d, detall\u00f3.<\/p>\n<p>\u00abSigue en estado cr\u00edtico, sigue grave, con una leve mejor\u00eda\u201d, afirm\u00f3, al tiempo que indic\u00f3 que \u201ctiene menos requerimiento farmacol\u00f3gico para mantener su presi\u00f3n arterial\u00bb.<\/p>\n<p>Adem\u00e1s, la doctora revel\u00f3 que el hijo y el hermano de Sergio Denis est\u00e1n en el hospital acompa\u00f1ando al cantante. <\/p>\n<p>Fern\u00e1ndez volvi\u00f3 a insistir en que Denis no est\u00e1 en condiciones de ser trasladado, adem\u00e1s de que el hospital cuenta con los recursos humanos y t\u00e9cnicos para abordar una correcta asistencia. <\/p>\n<p>Los primeros ex\u00e1menes realizados tras la ca\u00edda, revelaron que el m\u00fasico nacido en la ciudad bonaerense de Coronel Su\u00e1rez presentaba un \u00abedema cerebral, contusiones hemorr\u00e1gicas m\u00faltiples, hemorragia subaracnoidea traum\u00e1tica, fractura temporal izquierda y neumoenc\u00e9falo, hemot\u00f3rax bilateral con fracturas costales y fractura de clav\u00edcula y esc\u00e1pula\u00bb.<\/p>\n","protected":false},"excerpt":{"rendered":"<p>El cantante Sergio Denis contin\u00faa en estado cr\u00edtico, aunque present\u00f3 una leve mejor\u00eda. Eso indica el tercer parte revelado por Olga Fern\u00e1ndez, directora del Hospital Padilla de San Miguel de Tucum\u00e1n. &nbsp; \u201cContin\u00faa en estado cr\u00edtico con pron\u00f3stico reservado con sost\u00e9n hemodin\u00e1mico farmacol\u00f3gico. Se encuentra bajo sedaci\u00f3n y asistencia respiratoria mec\u00e1nica con buen ritmo diur\u00e9tico\u201d, [&hellip;]<\/p>\n","protected":false},"author":1,"featured_media":62080,"comment_status":"closed","ping_status":"closed","sticky":false,"template":"","format":"standard","meta":{"_seopress_robots_primary_cat":"","_seopress_titles_title":"","_seopress_titles_desc":"","_seopress_robots_index":"","footnotes":""},"categories":[5],"tags":[23256,23253,23257,1268],"class_list":{"0":"post-62079","1":"post","2":"type-post","3":"status-publish","4":"format-standard","5":"has-post-thumbnail","7":"category-musica","8":"tag-estado-de-salud-de-sergio-denis","9":"tag-parte-medico-de-sergio-denis","10":"tag-salud-de-sergio-denis","11":"tag-sergio-denis"},"_links":{"self":[{"href":"https:\/\/www.cordobatimes.com\/showup\/wp-json\/wp\/v2\/posts\/62079","targetHints":{"allow":["GET"]}}],"collection":[{"href":"https:\/\/www.cordobatimes.com\/showup\/wp-json\/wp\/v2\/posts"}],"about":[{"href":"https:\/\/www.cordobatimes.com\/showup\/wp-json\/wp\/v2\/types\/post"}],"author":[{"embeddable":true,"href":"https:\/\/www.cordobatimes.com\/showup\/wp-json\/wp\/v2\/users\/1"}],"replies":[{"embeddable":true,"href":"https:\/\/www.cordobatimes.com\/showup\/wp-json\/wp\/v2\/comments?post=62079"}],"version-history":[{"count":0,"href":"https:\/\/www.cordobatimes.com\/showup\/wp-json\/wp\/v2\/posts\/62079\/revisions"}],"wp:featuredmedia":[{"embeddable":true,"href":"https:\/\/www.cordobatimes.com\/showup\/wp-json\/wp\/v2\/media\/62080"}],"wp:attachment":[{"href":"https:\/\/www.cordobatimes.com\/showup\/wp-json\/wp\/v2\/media?parent=62079"}],"wp:term":[{"taxonomy":"category","embeddable":true,"href":"https:\/\/www.cordobatimes.com\/showup\/wp-json\/wp\/v2\/categories?post=62079"},{"taxonomy":"post_tag","embeddable":true,"href":"https:\/\/www.cordobatimes.com\/showup\/wp-json\/wp\/v2\/tags?post=62079"}],"curies":[{"name":"wp","href":"https:\/\/api.w.org\/{rel}","templated":true}]}}