{"id":62074,"date":"2019-03-12T16:57:37","date_gmt":"2019-03-12T19:57:37","guid":{"rendered":"https:\/\/www.cordobatimes.com\/showup\/?p=62074"},"modified":"2019-03-12T16:57:37","modified_gmt":"2019-03-12T19:57:37","slug":"parte-medico-de-sergio-denis","status":"publish","type":"post","link":"https:\/\/www.cordobatimes.com\/showup\/musica\/2019\/03\/12\/parte-medico-de-sergio-denis\/","title":{"rendered":"Parte m\u00e9dico de Sergio Denis"},"content":{"rendered":"<h3><strong>La directora del hospital Padilla de Tucum\u00e1n le ley\u00f3 a la prensa el parte y ratific\u00f3 que las pr\u00f3ximas 48 horas ser\u00e1n claves.\u00a0<\/strong><\/h3>\n<p>El cantante Sergio Denis contin\u00faa internado en terapia intensiva del Hospital Padilla, y su estado \u00abes grave, con pron\u00f3stico reservado y debe permanecer sedado\u00bb, informaron recientemente autoridades de la instituci\u00f3n.<\/p>\n<p>\u201cDurante la ma\u00f1ana se le realizaron m\u00faltiples estudios al paciente, y su estado contin\u00faa siendo grave con pron\u00f3stico reservado por lo que se descart\u00f3 un posible traslado\u201d, como hab\u00eda solicitado la familia, se\u00f1al\u00f3 en conferencia de prensa, la directora del hospital, Olga Fern\u00e1ndez.<\/p>\n<p>\u201cEl paciente actualmente recibe asistencia respiratoria y se encuentra bajo sedaci\u00f3n, con analg\u00e9sicos, con monitoreos multimodal y sost\u00e9n hemodin\u00e1mico farmacol\u00f3gico\u201d, agreg\u00f3 brevemente la m\u00e9dica, en las puertas del Hospital.<\/p>\n<p>Por su parte, el subdirector del nosocomio, Alejandro Lembo, expres\u00f3 que se intenta \u201ctrasladarle a la familia la tranquilidad de que (el cantante) est\u00e1 atendido por buenos profesionales\u201d, sostuvo.<\/p>\n<p>\u00abEn el ingreso se le realizaron una serie tomograf\u00edas de cerebro, cuello, t\u00f3rax, abdomen y pelvis\u00bb, inform\u00f3 el hospital a trav\u00e9s de un parte m\u00e9dico.<\/p>\n<p>Los ex\u00e1menes revelaron que el cantante presentaba un \u00abedema cerebral, contusiones hemorr\u00e1gicas m\u00faltiples, hemorragia subaracnoidea traum\u00e1tica, fractura temporal izquierda y neumoenc\u00e9falo, hemot\u00f3rax bilateral con fracturas costales y fractura de clav\u00edcula y esc\u00e1pula\u00bb, agrega el parte, por lo que fue \u00abtrasladado a la Unidad de Terapia Intensiva\u00bb, donde permanece internado.<\/p>\n<p>&nbsp;<\/p>\n","protected":false},"excerpt":{"rendered":"<p>La directora del hospital Padilla de Tucum\u00e1n le ley\u00f3 a la prensa el parte y ratific\u00f3 que las pr\u00f3ximas 48 horas ser\u00e1n claves.\u00a0 El cantante Sergio Denis contin\u00faa internado en terapia intensiva del Hospital Padilla, y su estado \u00abes grave, con pron\u00f3stico reservado y debe permanecer sedado\u00bb, informaron recientemente autoridades de la instituci\u00f3n. \u201cDurante la [&hellip;]<\/p>\n","protected":false},"author":1,"featured_media":62075,"comment_status":"closed","ping_status":"closed","sticky":false,"template":"","format":"standard","meta":{"_seopress_robots_primary_cat":"","_seopress_titles_title":"","_seopress_titles_desc":"","_seopress_robots_index":"","footnotes":""},"categories":[5],"tags":[23254,23255,23253,1268,5673],"class_list":{"0":"post-62074","1":"post","2":"type-post","3":"status-publish","4":"format-standard","5":"has-post-thumbnail","7":"category-musica","8":"tag-hospital-padilla","9":"tag-hospital-padilla-de-tucuman","10":"tag-parte-medico-de-sergio-denis","11":"tag-sergio-denis","12":"tag-tucuman"},"_links":{"self":[{"href":"https:\/\/www.cordobatimes.com\/showup\/wp-json\/wp\/v2\/posts\/62074","targetHints":{"allow":["GET"]}}],"collection":[{"href":"https:\/\/www.cordobatimes.com\/showup\/wp-json\/wp\/v2\/posts"}],"about":[{"href":"https:\/\/www.cordobatimes.com\/showup\/wp-json\/wp\/v2\/types\/post"}],"author":[{"embeddable":true,"href":"https:\/\/www.cordobatimes.com\/showup\/wp-json\/wp\/v2\/users\/1"}],"replies":[{"embeddable":true,"href":"https:\/\/www.cordobatimes.com\/showup\/wp-json\/wp\/v2\/comments?post=62074"}],"version-history":[{"count":0,"href":"https:\/\/www.cordobatimes.com\/showup\/wp-json\/wp\/v2\/posts\/62074\/revisions"}],"wp:featuredmedia":[{"embeddable":true,"href":"https:\/\/www.cordobatimes.com\/showup\/wp-json\/wp\/v2\/media\/62075"}],"wp:attachment":[{"href":"https:\/\/www.cordobatimes.com\/showup\/wp-json\/wp\/v2\/media?parent=62074"}],"wp:term":[{"taxonomy":"category","embeddable":true,"href":"https:\/\/www.cordobatimes.com\/showup\/wp-json\/wp\/v2\/categories?post=62074"},{"taxonomy":"post_tag","embeddable":true,"href":"https:\/\/www.cordobatimes.com\/showup\/wp-json\/wp\/v2\/tags?post=62074"}],"curies":[{"name":"wp","href":"https:\/\/api.w.org\/{rel}","templated":true}]}}