{"id":62052,"date":"2019-03-11T20:02:51","date_gmt":"2019-03-11T23:02:51","guid":{"rendered":"https:\/\/www.cordobatimes.com\/showup\/?p=62052"},"modified":"2019-03-11T20:02:51","modified_gmt":"2019-03-11T23:02:51","slug":"susana-gimenez-apoya-la-reeleccion-de-macri-pero-pide-parar-los-aumentos","status":"publish","type":"post","link":"https:\/\/www.cordobatimes.com\/showup\/famosos\/2019\/03\/11\/susana-gimenez-apoya-la-reeleccion-de-macri-pero-pide-parar-los-aumentos\/","title":{"rendered":"Susana Gim\u00e9nez apoya la reelecci\u00f3n de Macri, pero pide \u00abparar los aumentos\u00bb"},"content":{"rendered":"<h3><strong>\u00abLa gente est\u00e1 triste, no le alcanza la guita\u00bb, reflexion\u00f3 la diva. Adem\u00e1s, opin\u00f3 acerca de la incursi\u00f3n de Marcelo Tinelli en la pol\u00edtica.<\/strong><\/h3>\n<p><strong>Susana Gim\u00e9nez<\/strong>\u00a0expres\u00f3 que apoya una reelecci\u00f3n del presidente\u00a0Mauricio Macri, pero expres\u00f3 su preocupaci\u00f3n ante los constantes aumentos que golpean los bolsillos de los argentinos.<\/p>\n<p>En di\u00e1logo con\u00a0<strong>\u00c1ngel De Brito<\/strong>\u00a0en<strong>\u00a0El Espectador<\/strong>, el ciclo que conduce el periodista en CNN Radio Argentina, la diva expres\u00f3 que \u00abestamos en un momento especial econ\u00f3mico porque\u00a0<strong>el pa\u00eds arde.<\/strong>\u00a0La gente est\u00e1 muy triste. No le alcanza la guita. Las cifras son incre\u00edbles, los aumentos tambi\u00e9n\u00bb.<\/p>\n<p><strong>\u201cYo apoyo a Macri siempre porque me parece que cre\u00ed que era lo mejor para la Argentina<\/strong>. Por supuesto que es mucho mejor que lo tuvimos, pero no quiero que el pueblo pague un costo por todo lo que hicieron los dem\u00e1s\u00bb, a\u00f1adi\u00f3.<\/p>\n<p>Adem\u00e1s, la popular conductora se mostr\u00f3 optimista de cara al futuro del pa\u00eds: \u00abYo creo que todo lo que est\u00e1n haciendo tiene que rendir sus frutos en alg\u00fan momento.\u00a0<strong>No s\u00e9 c\u00f3mo, pero tienen que parar los aumentos<\/strong>. No se puede aumentar todos los d\u00edas porque la gente se vuelve loca\u00bb.<\/p>\n","protected":false},"excerpt":{"rendered":"<p>\u00abLa gente est\u00e1 triste, no le alcanza la guita\u00bb, reflexion\u00f3 la diva. Adem\u00e1s, opin\u00f3 acerca de la incursi\u00f3n de Marcelo Tinelli en la pol\u00edtica. Susana Gim\u00e9nez\u00a0expres\u00f3 que apoya una reelecci\u00f3n del presidente\u00a0Mauricio Macri, pero expres\u00f3 su preocupaci\u00f3n ante los constantes aumentos que golpean los bolsillos de los argentinos. En di\u00e1logo con\u00a0\u00c1ngel De Brito\u00a0en\u00a0El Espectador, el [&hellip;]<\/p>\n","protected":false},"author":1,"featured_media":62053,"comment_status":"closed","ping_status":"closed","sticky":false,"template":"","format":"standard","meta":{"_seopress_robots_primary_cat":"","_seopress_titles_title":"","_seopress_titles_desc":"","_seopress_robots_index":"","footnotes":""},"categories":[4],"tags":[4058,23244,23243,23242],"class_list":{"0":"post-62052","1":"post","2":"type-post","3":"status-publish","4":"format-standard","5":"has-post-thumbnail","7":"category-famosos","8":"tag-angel-de-brito","9":"tag-el-espectador","10":"tag-elecciones-2019","11":"tag-susana-gimenez-sobre-macri"},"_links":{"self":[{"href":"https:\/\/www.cordobatimes.com\/showup\/wp-json\/wp\/v2\/posts\/62052","targetHints":{"allow":["GET"]}}],"collection":[{"href":"https:\/\/www.cordobatimes.com\/showup\/wp-json\/wp\/v2\/posts"}],"about":[{"href":"https:\/\/www.cordobatimes.com\/showup\/wp-json\/wp\/v2\/types\/post"}],"author":[{"embeddable":true,"href":"https:\/\/www.cordobatimes.com\/showup\/wp-json\/wp\/v2\/users\/1"}],"replies":[{"embeddable":true,"href":"https:\/\/www.cordobatimes.com\/showup\/wp-json\/wp\/v2\/comments?post=62052"}],"version-history":[{"count":0,"href":"https:\/\/www.cordobatimes.com\/showup\/wp-json\/wp\/v2\/posts\/62052\/revisions"}],"wp:featuredmedia":[{"embeddable":true,"href":"https:\/\/www.cordobatimes.com\/showup\/wp-json\/wp\/v2\/media\/62053"}],"wp:attachment":[{"href":"https:\/\/www.cordobatimes.com\/showup\/wp-json\/wp\/v2\/media?parent=62052"}],"wp:term":[{"taxonomy":"category","embeddable":true,"href":"https:\/\/www.cordobatimes.com\/showup\/wp-json\/wp\/v2\/categories?post=62052"},{"taxonomy":"post_tag","embeddable":true,"href":"https:\/\/www.cordobatimes.com\/showup\/wp-json\/wp\/v2\/tags?post=62052"}],"curies":[{"name":"wp","href":"https:\/\/api.w.org\/{rel}","templated":true}]}}