{"id":61987,"date":"2019-03-07T20:21:56","date_gmt":"2019-03-07T23:21:56","guid":{"rendered":"https:\/\/www.cordobatimes.com\/showup\/?p=61987"},"modified":"2019-03-07T20:21:56","modified_gmt":"2019-03-07T23:21:56","slug":"paran-el-rodaje-de-riverdale-despues-de-la-muerte-de-luke-perry","status":"publish","type":"post","link":"https:\/\/www.cordobatimes.com\/showup\/cine-y-series\/2019\/03\/07\/paran-el-rodaje-de-riverdale-despues-de-la-muerte-de-luke-perry\/","title":{"rendered":"Paran el rodaje de \u00abRiverdale\u00bb despu\u00e9s de  la muerte de Luke Perry"},"content":{"rendered":"<h3><strong>Por el momento se desconoce qu\u00e9 cantidad de tomas rod\u00f3 Perry para la tercera temporada de Riverdale o c\u00f3mo la serie manejar\u00e1 su muerte en la trama.<\/strong><\/h3>\n<p>La producci\u00f3n de la tercera temporada de Riverdale permanece suspendida por segundo d\u00eda, mientras el reparto del drama de The CW llora a su compa\u00f1ero Luke Perry. El actor fue hospitalizado el pasado 28 de febrero despu\u00e9s de sufrir un derrame cerebral, y falleci\u00f3 cuatro d\u00edas despu\u00e9s dejando en el aire el destino de la serie.<\/p>\n<p>Perry interpret\u00f3 a Fred Andrews, el padre del personaje principal, Archie, y apareci\u00f3 en 52 episodios desde su estreno en 2016. Por el momento se desconoce qu\u00e9 cantidad de tomas rod\u00f3 Perry para la tercera temporada de Riverdale o c\u00f3mo la serie manejar\u00e1 su muerte en la trama.<\/p>\n<p>Las compa\u00f1eros de Perry han inundado las redes sociales con tributos desde que se conoci\u00f3 la noticia de su fallecimiento el pasado lunes. Lili Reinhart, conocida por su papel de Betty Cooper en Riverdale, escribi\u00f3 en Twitter que es \u00abdif\u00edcil comprender que ya no estar\u00e1 cerca para darnos largos abrazos y compartir su sabidur\u00eda y amabilidad con todos nosotros\u00bb. \u00abEstoy pensando en su familia. Sus hijos. Rezo para que se recuperen y encuentren la paz en esta p\u00e9rdida devastadora\u00bb, agreg\u00f3 la actriz.<\/p>\n<p>\u00abEstoy absolutamente desconcertado por la noticia de la p\u00e9rdida de alguien tan incre\u00edblemente especial. Luke se hab\u00eda convertido en un querido amigo. Nos re\u00edmos. Lloramos. Compartimos nuestras historias de guerra sobre la industria. Compartimos lo orgullosos que estamos como padres. Sab\u00eda que \u00e9l siempre estaba ah\u00ed para m\u00ed sin importar qu\u00e9. Estoy muy agradecido por el tiempo que pasamos juntos\u00bb, comparti\u00f3 Madchen Amick, quien encarna a Alice Cooper en la ficci\u00f3n adolescente.<\/p>\n<p>Adem\u00e1s de la tercera temporada de Riverdale, Perry ten\u00eda pendiente de estreno Once Upon A Time In Hollywood, la novena pel\u00edcula de Quentin Tarantino en la que el actor particip\u00f3 dando vida a Scott Lancer.<\/p>\n","protected":false},"excerpt":{"rendered":"<p>Por el momento se desconoce qu\u00e9 cantidad de tomas rod\u00f3 Perry para la tercera temporada de Riverdale o c\u00f3mo la serie manejar\u00e1 su muerte en la trama. La producci\u00f3n de la tercera temporada de Riverdale permanece suspendida por segundo d\u00eda, mientras el reparto del drama de The CW llora a su compa\u00f1ero Luke Perry. El [&hellip;]<\/p>\n","protected":false},"author":1,"featured_media":61988,"comment_status":"closed","ping_status":"closed","sticky":false,"template":"","format":"standard","meta":{"_seopress_robots_primary_cat":"","_seopress_titles_title":"","_seopress_titles_desc":"","_seopress_robots_index":"","footnotes":""},"categories":[3],"tags":[19409,23201,23200,23199],"class_list":{"0":"post-61987","1":"post","2":"type-post","3":"status-publish","4":"format-standard","5":"has-post-thumbnail","7":"category-cine-y-series","8":"tag-luke-perry","9":"tag-muerte-de-luke-perry","10":"tag-riverdale","11":"tag-rodaje-de-riverdale"},"_links":{"self":[{"href":"https:\/\/www.cordobatimes.com\/showup\/wp-json\/wp\/v2\/posts\/61987","targetHints":{"allow":["GET"]}}],"collection":[{"href":"https:\/\/www.cordobatimes.com\/showup\/wp-json\/wp\/v2\/posts"}],"about":[{"href":"https:\/\/www.cordobatimes.com\/showup\/wp-json\/wp\/v2\/types\/post"}],"author":[{"embeddable":true,"href":"https:\/\/www.cordobatimes.com\/showup\/wp-json\/wp\/v2\/users\/1"}],"replies":[{"embeddable":true,"href":"https:\/\/www.cordobatimes.com\/showup\/wp-json\/wp\/v2\/comments?post=61987"}],"version-history":[{"count":0,"href":"https:\/\/www.cordobatimes.com\/showup\/wp-json\/wp\/v2\/posts\/61987\/revisions"}],"wp:featuredmedia":[{"embeddable":true,"href":"https:\/\/www.cordobatimes.com\/showup\/wp-json\/wp\/v2\/media\/61988"}],"wp:attachment":[{"href":"https:\/\/www.cordobatimes.com\/showup\/wp-json\/wp\/v2\/media?parent=61987"}],"wp:term":[{"taxonomy":"category","embeddable":true,"href":"https:\/\/www.cordobatimes.com\/showup\/wp-json\/wp\/v2\/categories?post=61987"},{"taxonomy":"post_tag","embeddable":true,"href":"https:\/\/www.cordobatimes.com\/showup\/wp-json\/wp\/v2\/tags?post=61987"}],"curies":[{"name":"wp","href":"https:\/\/api.w.org\/{rel}","templated":true}]}}