{"id":61942,"date":"2019-03-02T18:30:49","date_gmt":"2019-03-02T21:30:49","guid":{"rendered":"https:\/\/www.cordobatimes.com\/showup\/?p=61942"},"modified":"2019-03-02T18:50:56","modified_gmt":"2019-03-02T21:50:56","slug":"salio-el-libro-del-indio-solari","status":"publish","type":"post","link":"https:\/\/www.cordobatimes.com\/showup\/famosos\/2019\/03\/02\/salio-el-libro-del-indio-solari\/","title":{"rendered":"Sali\u00f3 el libro del Indio Solari"},"content":{"rendered":"<h3><strong>\u00abRecuerdos que mienten un poco\u00bb, el di\u00e1logo con el escritor Marcelo Figueras que repasa toda la vidal del m\u00fasico, se public\u00f3\u00a0 este viernes.\u00a0<\/strong><\/h3>\n<p>Se publica en todas las librer\u00edas la esperada biograf\u00eda del Indio Solari que en realidad un di\u00e1logo del m\u00fasico con el escritor su amigo personal Marcelo Figueras. Recuerdos que mienten un poco se titula el libro editado por Sudamericana que tiene 864 p\u00e1ginas y se vender\u00e1 al p\u00fablico a un precio de 999 pesos.<\/p>\n<p>Seg\u00fan se anuncia, las p\u00e1ginas recorren toda la vida de Solari, desde su infancia en Paran\u00e1 hasta el disco que edit\u00f3 el a\u00f1o pasado. Tambi\u00e9n forman parte de su relato las pol\u00e9micas, las peleas con los ex compa\u00f1eros de banda, los desencuentros con una parte del periodismo, la muerte de Walter Bulacio y los debates que surgieron tras el recital de Olavarr\u00eda, en 2017.<\/p>\n<p><img alt=\"\" loading=\"lazy\" decoding=\"async\" class=\"alignnone size-full wp-image-61944\" src=\"https:\/\/www.cordobatimes.com\/showup\/wp-content\/uploads\/2019\/03\/u6tDFjR8s_720x0_1-696x1030_1551387651.jpg\" alt=\"\" width=\"696\" height=\"1030\" srcset=\"https:\/\/www.cordobatimes.com\/showup\/wp-content\/uploads\/2019\/03\/u6tDFjR8s_720x0_1-696x1030_1551387651.jpg 696w, https:\/\/www.cordobatimes.com\/showup\/wp-content\/uploads\/2019\/03\/u6tDFjR8s_720x0_1-696x1030_1551387651-284x420.jpg 284w, https:\/\/www.cordobatimes.com\/showup\/wp-content\/uploads\/2019\/03\/u6tDFjR8s_720x0_1-696x1030_1551387651-692x1024.jpg 692w\" sizes=\"auto, (max-width: 696px) 100vw, 696px\" \/><\/p>\n<h3><strong>Algunas frases destacadas<\/strong><\/h3>\n<p>Los Redondos. \u00ab\u00c9ramos decadentes de verdad, ninguno de nosotros pod\u00eda pasar por un miembro productivo de la sociedad. Haber sido marginal en serio \u2014pol\u00edtica, cultural, socialmente\u2014 te dotaba de una cierta fortaleza. Lo que persegu\u00edamos no era una satisfacci\u00f3n epitelial, ef\u00edmera. En la \u00e9poca que empezamos no hab\u00eda premio alguno, ninguna zanahoria bailando ante tus narices\u00bb.<\/p>\n<p>Las letras. \u00abMucha gente tend\u00eda a menospreciar a nuestro p\u00fablico. Pretenden que no pueden entender lo que les estoy diciendo, por eso de que mis letras son cr\u00edpticas. Pero en los momentos claves de la canci\u00f3n, soy bruscamente claro. Puede que el relato no sea simple, la forma en que voy encadenando im\u00e1genes. Pero, cuando llego ah\u00ed, cuando digo violencia es mentir, o todo preso es pol\u00edtico, o nuestro amo juega al esclavo\u2026 Ah\u00ed nadie se confunde ni se pierde. Eso es una bandera y as\u00ed lo entienden\u00bb.<\/p>\n<p>La misa. \u00abCreo que lo que inspir\u00f3 esa cosa religiosa fue, sencillamente, la felicidad de la gente que nos iba a ver. A pesar de que de alg\u00fan modo pareciese una contradicci\u00f3n, porque la tem\u00e1tica que toc\u00e1bamos, la tensi\u00f3n que produc\u00edamos, distaba de ser ligera. Pero la gente sal\u00eda feliz de los shows. Eso era lo que te quitaba de encima el demonio, no era cuesti\u00f3n de rezar: lo que funcionaba era ir a un lugar donde lo expulsabas de veras, participabas de una experiencia dionis\u00edaca.\u00bb<\/p>\n<p>Walter Bulacio. \u00abEn mis conciertos, la foto de Walter Bulacio aparece cuando cae el sol y est\u00e1 horas ah\u00ed, junto a la palabra justicia. Y a\u00fan as\u00ed dicen: No se acord\u00f3 nunca m\u00e1s&#8230; El que no te acord\u00e1s sos vos, boludo\u00bb.<\/p>\n<p>La separaci\u00f3n. \u00abLo que pas\u00f3 esa noche me sorprendi\u00f3&#8230; Lo \u00fanico que s\u00e9 es que seguimos gritando hasta que Skay se fue a la mierda, porque no le gustan las situaciones tensas. No recuerdo si al final dije expresamente Esto se acab\u00f3 ac\u00e1, pero me sub\u00ed al coche&#8230; y volv\u00ed a casa. &#8230;Me enfurec\u00ed tanto que no daba para volver atr\u00e1s. Porque esos son los t\u00e9rminos en que yo vi y sigo viendo la cosa: para m\u00ed fue una traici\u00f3n. Que arruin\u00f3 un eje de mi vida, algo central. M\u00e1s all\u00e1 de Bruno y de Virginia, no me han pasado cosas m\u00e1s importantes: \u00a1como proyecto de vida, yo fui un Redondo durante casi toda mi existencia!\u00bb<\/p>\n<p>Regreso a los escenarios. \u00abMe va a costar convencer a la gente de que no voy a tocar m\u00e1s. Casi nadie quiere creerlo, \u00bfno?\u00bb<\/p>\n","protected":false},"excerpt":{"rendered":"<p>\u00abRecuerdos que mienten un poco\u00bb, el di\u00e1logo con el escritor Marcelo Figueras que repasa toda la vidal del m\u00fasico, se public\u00f3\u00a0 este viernes.\u00a0 Se publica en todas las librer\u00edas la esperada biograf\u00eda del Indio Solari que en realidad un di\u00e1logo del m\u00fasico con el escritor su amigo personal Marcelo Figueras. Recuerdos que mienten un poco [&hellip;]<\/p>\n","protected":false},"author":1,"featured_media":61943,"comment_status":"closed","ping_status":"closed","sticky":false,"template":"","format":"standard","meta":{"_seopress_robots_primary_cat":"","_seopress_titles_title":"","_seopress_titles_desc":"","_seopress_robots_index":"","footnotes":""},"categories":[4],"tags":[23179,3039,23178,23180],"class_list":{"0":"post-61942","1":"post","2":"type-post","3":"status-publish","4":"format-standard","5":"has-post-thumbnail","7":"category-famosos","8":"tag-biografia-del-indio-solari","9":"tag-indio-solari","10":"tag-libro-del-indio-solari","11":"tag-recuerdos-que-mienten-un-poco"},"_links":{"self":[{"href":"https:\/\/www.cordobatimes.com\/showup\/wp-json\/wp\/v2\/posts\/61942","targetHints":{"allow":["GET"]}}],"collection":[{"href":"https:\/\/www.cordobatimes.com\/showup\/wp-json\/wp\/v2\/posts"}],"about":[{"href":"https:\/\/www.cordobatimes.com\/showup\/wp-json\/wp\/v2\/types\/post"}],"author":[{"embeddable":true,"href":"https:\/\/www.cordobatimes.com\/showup\/wp-json\/wp\/v2\/users\/1"}],"replies":[{"embeddable":true,"href":"https:\/\/www.cordobatimes.com\/showup\/wp-json\/wp\/v2\/comments?post=61942"}],"version-history":[{"count":0,"href":"https:\/\/www.cordobatimes.com\/showup\/wp-json\/wp\/v2\/posts\/61942\/revisions"}],"wp:featuredmedia":[{"embeddable":true,"href":"https:\/\/www.cordobatimes.com\/showup\/wp-json\/wp\/v2\/media\/61943"}],"wp:attachment":[{"href":"https:\/\/www.cordobatimes.com\/showup\/wp-json\/wp\/v2\/media?parent=61942"}],"wp:term":[{"taxonomy":"category","embeddable":true,"href":"https:\/\/www.cordobatimes.com\/showup\/wp-json\/wp\/v2\/categories?post=61942"},{"taxonomy":"post_tag","embeddable":true,"href":"https:\/\/www.cordobatimes.com\/showup\/wp-json\/wp\/v2\/tags?post=61942"}],"curies":[{"name":"wp","href":"https:\/\/api.w.org\/{rel}","templated":true}]}}