{"id":61900,"date":"2019-02-28T19:30:35","date_gmt":"2019-02-28T22:30:35","guid":{"rendered":"https:\/\/www.cordobatimes.com\/showup\/?p=61900"},"modified":"2019-02-28T19:30:35","modified_gmt":"2019-02-28T22:30:35","slug":"vuelven-los-jonas-brothers","status":"publish","type":"post","link":"https:\/\/www.cordobatimes.com\/showup\/musica\/2019\/02\/28\/vuelven-los-jonas-brothers\/","title":{"rendered":"Vuelven los Jonas Brothers"},"content":{"rendered":"<h3><strong>La banda anunci\u00f3 que dar\u00e1n a conocer nueva m\u00fasica este viernes a la medianoche del este de los Estados Unidos. Hubo que esperar m\u00e1s de cinco a\u00f1os desde aquel 29 de octubre de 2013, pero el sue\u00f1o de muchos fans de ver un reencuentro se hizo finalmente realidad.<\/strong><\/h3>\n<p>Las sospechas se hicieron palpables cuando las cuentas oficiales de los Jonas Brothers, de pronto, se quedaron sin fotos y fueron reemplazadas por fondos negros y cuando familiares y allegados a Nick, Joe y Kevin Jonas empezaron a recomendar las mismas cuentas a sus seguidores.<\/p>\n<p>Ya antes hab\u00edan visto a los tres hermanos reunidos, haciendo grabaciones en diferentes ciudades. Que volvieran a juntarse para seguir en la m\u00fasica era la lectura de sus seguidores.<\/p>\n<p>La espera termin\u00f3 esta semana, pues medios como USWeekly anunciaron el regreso de la banda de pop rock con nueva m\u00fasica. Se adelant\u00f3 que la primera canci\u00f3n de esta nueva etapa se titula &#8216;Sucker&#8217; y ver\u00e1 la luz este primero de marzo.<\/p>\n<blockquote class=\"instagram-media\" style=\"background: #FFF; border: 0; border-radius: 3px; box-shadow: 0 0 1px 0 rgba(0,0,0,0.5),0 1px 10px 0 rgba(0,0,0,0.15); margin: 1px; max-width: 540px; min-width: 326px; padding: 0; width: calc(100% - 2px);\" data-instgrm-captioned=\"\" data-instgrm-permalink=\"https:\/\/www.instagram.com\/p\/BuaKh6eHHiz\/?utm_source=ig_embed&amp;utm_medium=loading\" data-instgrm-version=\"12\">\n<div style=\"padding: 16px;\">\n<p>&nbsp;<\/p>\n<div style=\"display: flex; flex-direction: row; align-items: center;\">\n<div style=\"background-color: #f4f4f4; border-radius: 50%; flex-grow: 0; height: 40px; margin-right: 14px; width: 40px;\"><\/div>\n<div style=\"display: flex; flex-direction: column; flex-grow: 1; justify-content: center;\">\n<div style=\"background-color: #f4f4f4; border-radius: 4px; flex-grow: 0; height: 14px; margin-bottom: 6px; width: 100px;\"><\/div>\n<div style=\"background-color: #f4f4f4; border-radius: 4px; flex-grow: 0; height: 14px; width: 60px;\"><\/div>\n<\/div>\n<\/div>\n<div style=\"padding: 19% 0;\"><\/div>\n<div style=\"display: block; height: 50px; margin: 0 auto 12px; width: 50px;\"><\/div>\n<div style=\"padding-top: 8px;\">\n<div style=\"color: #3897f0; font-family: Arial,sans-serif; font-size: 14px; font-style: normal; font-weight: 550; line-height: 18px;\">Ver esta publicaci\u00f3n en Instagram<\/div>\n<\/div>\n<div style=\"padding: 12.5% 0;\"><\/div>\n<div style=\"display: flex; flex-direction: row; margin-bottom: 14px; align-items: center;\">\n<div>\n<div style=\"background-color: #f4f4f4; border-radius: 50%; height: 12.5px; width: 12.5px; transform: translateX(0px) translateY(7px);\"><\/div>\n<div style=\"background-color: #f4f4f4; height: 12.5px; transform: rotate(-45deg) translateX(3px) translateY(1px); width: 12.5px; flex-grow: 0; margin-right: 14px; margin-left: 2px;\"><\/div>\n<div style=\"background-color: #f4f4f4; border-radius: 50%; height: 12.5px; width: 12.5px; transform: translateX(9px) translateY(-18px);\"><\/div>\n<\/div>\n<div style=\"margin-left: 8px;\">\n<div style=\"background-color: #f4f4f4; border-radius: 50%; flex-grow: 0; height: 20px; width: 20px;\"><\/div>\n<div style=\"width: 0; height: 0; border-top: 2px solid transparent; border-left: 6px solid #f4f4f4; border-bottom: 2px solid transparent; transform: translateX(16px) translateY(-4px) rotate(30deg);\"><\/div>\n<\/div>\n<div style=\"margin-left: auto;\">\n<div style=\"width: 0px; border-top: 8px solid #F4F4F4; border-right: 8px solid transparent; transform: translateY(16px);\"><\/div>\n<div style=\"background-color: #f4f4f4; flex-grow: 0; height: 12px; width: 16px; transform: translateY(-4px);\"><\/div>\n<div style=\"width: 0; height: 0; border-top: 8px solid #F4F4F4; border-left: 8px solid transparent; transform: translateY(-4px) translateX(8px);\"><\/div>\n<\/div>\n<\/div>\n<p>&nbsp;<\/p>\n<p style=\"margin: 8px 0 0 0; padding: 0 4px;\"><a style=\"color: #000; font-family: Arial,sans-serif; font-size: 14px; font-style: normal; font-weight: normal; line-height: 17px; text-decoration: none; word-wrap: break-word;\" href=\"https:\/\/www.instagram.com\/p\/BuaKh6eHHiz\/?utm_source=ig_embed&amp;utm_medium=loading\" target=\"_blank\" rel=\"noopener noreferrer\">New music is coming from the Jonas Brothers sooner than you think! \ud83d\udea8Tap the link in our bio for the release date &#8211; and title &#8211; of their new single! (\ud83d\udcf8 Mike Coppola\/Getty Images)<\/a><\/p>\n<p style=\"color: #c9c8cd; font-family: Arial,sans-serif; font-size: 14px; line-height: 17px; margin-bottom: 0; margin-top: 8px; overflow: hidden; padding: 8px 0 7px; text-align: center; text-overflow: ellipsis; white-space: nowrap;\">Una publicaci\u00f3n compartida de <a style=\"color: #c9c8cd; font-family: Arial,sans-serif; font-size: 14px; font-style: normal; font-weight: normal; line-height: 17px;\" href=\"https:\/\/www.instagram.com\/usweekly\/?utm_source=ig_embed&amp;utm_medium=loading\" target=\"_blank\" rel=\"noopener noreferrer\"> Us Weekly<\/a> (@usweekly) el <time style=\"font-family: Arial,sans-serif; font-size: 14px; line-height: 17px;\" datetime=\"2019-02-28T02:32:38+00:00\">27 Feb, 2019 a las 6:32 PST<\/time><\/p>\n<\/div>\n<\/blockquote>\n<p><script async src=\"\/\/www.instagram.com\/embed.js\"><\/script><\/p>\n<p>Los Jonas Brothers, reconocidos como una banda de pop rock, se hab\u00edan separado en octubre de 2013. Su regreso ocurre seis a\u00f1os despu\u00e9s, en medio de una industria musical cada vez m\u00e1s inclinada a los sonidos urbanos.<\/p>\n","protected":false},"excerpt":{"rendered":"<p>La banda anunci\u00f3 que dar\u00e1n a conocer nueva m\u00fasica este viernes a la medianoche del este de los Estados Unidos. Hubo que esperar m\u00e1s de cinco a\u00f1os desde aquel 29 de octubre de 2013, pero el sue\u00f1o de muchos fans de ver un reencuentro se hizo finalmente realidad. Las sospechas se hicieron palpables cuando las [&hellip;]<\/p>\n","protected":false},"author":1,"featured_media":61901,"comment_status":"closed","ping_status":"closed","sticky":false,"template":"","format":"standard","meta":{"_seopress_robots_primary_cat":"","_seopress_titles_title":"","_seopress_titles_desc":"","_seopress_robots_index":"","footnotes":""},"categories":[5],"tags":[23158,23155,57,23156,23154,23157,23159],"class_list":{"0":"post-61900","1":"post","2":"type-post","3":"status-publish","4":"format-standard","5":"has-post-thumbnail","7":"category-musica","8":"tag-el-regreso-de-jonas-brothers","9":"tag-joe","10":"tag-jonas-brothers","11":"tag-kevin","12":"tag-nick","13":"tag-sucker","14":"tag-volvieron-los-jonas-brothers"},"_links":{"self":[{"href":"https:\/\/www.cordobatimes.com\/showup\/wp-json\/wp\/v2\/posts\/61900","targetHints":{"allow":["GET"]}}],"collection":[{"href":"https:\/\/www.cordobatimes.com\/showup\/wp-json\/wp\/v2\/posts"}],"about":[{"href":"https:\/\/www.cordobatimes.com\/showup\/wp-json\/wp\/v2\/types\/post"}],"author":[{"embeddable":true,"href":"https:\/\/www.cordobatimes.com\/showup\/wp-json\/wp\/v2\/users\/1"}],"replies":[{"embeddable":true,"href":"https:\/\/www.cordobatimes.com\/showup\/wp-json\/wp\/v2\/comments?post=61900"}],"version-history":[{"count":0,"href":"https:\/\/www.cordobatimes.com\/showup\/wp-json\/wp\/v2\/posts\/61900\/revisions"}],"wp:featuredmedia":[{"embeddable":true,"href":"https:\/\/www.cordobatimes.com\/showup\/wp-json\/wp\/v2\/media\/61901"}],"wp:attachment":[{"href":"https:\/\/www.cordobatimes.com\/showup\/wp-json\/wp\/v2\/media?parent=61900"}],"wp:term":[{"taxonomy":"category","embeddable":true,"href":"https:\/\/www.cordobatimes.com\/showup\/wp-json\/wp\/v2\/categories?post=61900"},{"taxonomy":"post_tag","embeddable":true,"href":"https:\/\/www.cordobatimes.com\/showup\/wp-json\/wp\/v2\/tags?post=61900"}],"curies":[{"name":"wp","href":"https:\/\/api.w.org\/{rel}","templated":true}]}}