{"id":61885,"date":"2019-02-28T13:34:54","date_gmt":"2019-02-28T16:34:54","guid":{"rendered":"https:\/\/www.cordobatimes.com\/showup\/?p=61885"},"modified":"2019-02-28T13:34:54","modified_gmt":"2019-02-28T16:34:54","slug":"lali-esposito-quiero-dejar-huella-como-artista-por-haber-sido-verdadera","status":"publish","type":"post","link":"https:\/\/www.cordobatimes.com\/showup\/famosos\/2019\/02\/28\/lali-esposito-quiero-dejar-huella-como-artista-por-haber-sido-verdadera\/","title":{"rendered":"Lali Esp\u00f3sito: \u00abQuiero dejar huella como artista por haber sido verdadera\u00bb"},"content":{"rendered":"<h3><strong>La cantante y actriz protagoniz\u00f3 una producci\u00f3n de fotos para la reconocida revista internacional Vogue.\u00a0<\/strong><\/h3>\n<p>A los 27 a\u00f1os, Lali Esp\u00f3sito es una de las contadas artistas argentinas con mayor proyecci\u00f3n internacional. La joven actriz y cantante protagoniza la tapa de la \u00faltima edici\u00f3n de Vogue Latinoam\u00e9rica, y habl\u00f3 de su vida, su carrera y el impacto de las redes sociales.<\/p>\n<p>\u201cYo empec\u00e9 en el mundo de la actuaci\u00f3n y la m\u00fasica desde muy peque\u00f1a y lo hice sin que existieran las redes sociales. Soy de esa generaci\u00f3n que hemos visto y aprendido a trabajar utilizando las redes sociales. Creo que, en ese sentido soy un poco \u2018old school\u2019, tuve una escuela diferente sobre c\u00f3mo mostrarme art\u00edsticamente. Hoy aprendo a hacerlo con las redes sociales y entiendo la magnitud que tienen y c\u00f3mo ayudan a un artista moderno a expandirse, a llegar a otros pa\u00edses y a cruzar fronteras. Yo vengo del sur y las he usado para salir al mundo\u201d, asegur\u00f3.<\/p>\n<p>\u201cTantos millones de seguidores s\u00ed, es importante, pero m\u00e1s lo es no dejarte aturdir por esa magia que tienen las redes. No hay que confundir eso con el trabajo duro de las canciones, del estudio y de dar a conocer toda la parte musical. Creo que son dos caminos que si bien se conectan, tambi\u00e9n van por rutas separadas. Uno tiene que estar atento a ambas cosas, a generar un buen contenido de redes sociales, pero a la vez poner atenci\u00f3n al trabajo art\u00edstico, que es lo m\u00e1s importante\u201d, agreg\u00f3 sobre el tema.<\/p>\n<p>Luego, Lali habl\u00f3 de c\u00f3mo utiliza el poder de su fama. \u201cQuiero construir un lugar mejor y un pa\u00eds mejor. Amo a Argentina y me duelen mucho las cosas que pasan. As\u00ed que, si puedo ayudar de manera individual, lo voy a hacer. Como ciudadana, as\u00ed sea abogada o trabaje en un quiosco; no solamente por la dicha de poder decir algo y que lo escuche mucha gente, me parece importante hablarlo, sobre todo, como mujer\u201d, afirm\u00f3.<\/p>\n<p>\u201cCreo que tengo la posibilidad de que mi mensaje lo escuchen muchas mujeres y no puedo hacer o\u00eddos sordos a lo que sucede. Sobre todo cuando veo de lo que sucede en mi pa\u00eds en el cual hay mucha violencia de g\u00e9nero, hay mucho machismo y todav\u00eda hay mucha gente que sufre desigualdad por su condici\u00f3n sexual. Tengo la oportunidad de hablar por muchos que no pueden y tener una c\u00e1mara en frente y, con mucho respeto, uso esas armas para dar un mensaje. Hay cosas que me parecen muy graves, que han llegado a un l\u00edmite muy extremo, y que bueno, hay que usar los medios que uno tiene para gritar o ayudar a quienes no pueden hacerlo\u201d, complet\u00f3 con firmeza.<\/p>\n<p>Y continu\u00f3: \u201cLa gente tiene mucho miedo de expresarse por los gobiernos que tenemos. El miedo es el enemigo del ser humano. Las cr\u00edticas no me frenan. Creo que tener un ego bien acomodado es importante para enfrentarte a los resultados que uno hace y dice. Mi tarea principal es ser una artista y lo que hago es utilizar esa plataforma para construir algo que me parece interesante para Latinoam\u00e9rica y Argentina. El foco es usar el arte que es tan sanador\u201d.<\/p>\n<p>Sobre el final, la actriz y cantante habl\u00f3 de su legado. \u201cQuiero dejar huella como artista por haber sido verdadera. Que la gente vea que una ni\u00f1a que naci\u00f3 y creci\u00f3 en un barrio humilde de Buenos Aires puede llegar al mundo y seguir siendo la persona que es en esencia. Quiero que la gente se acuerde de m\u00ed por eso\u201d, cerr\u00f3.<\/p>\n<p><img alt=\"\" loading=\"lazy\" decoding=\"async\" class=\"alignnone size-full wp-image-61887\" src=\"https:\/\/www.cordobatimes.com\/showup\/wp-content\/uploads\/2019\/02\/Nombre1-4.jpg\" alt=\"\" width=\"577\" height=\"409\" srcset=\"https:\/\/www.cordobatimes.com\/showup\/wp-content\/uploads\/2019\/02\/Nombre1-4.jpg 577w, https:\/\/www.cordobatimes.com\/showup\/wp-content\/uploads\/2019\/02\/Nombre1-4-100x70.jpg 100w\" sizes=\"auto, (max-width: 577px) 100vw, 577px\" \/><\/p>\n<p><img alt=\"\" loading=\"lazy\" decoding=\"async\" class=\"alignnone size-full wp-image-61888\" src=\"https:\/\/www.cordobatimes.com\/showup\/wp-content\/uploads\/2019\/02\/Nombre2-3.jpg\" alt=\"\" width=\"466\" height=\"560\" srcset=\"https:\/\/www.cordobatimes.com\/showup\/wp-content\/uploads\/2019\/02\/Nombre2-3.jpg 466w, https:\/\/www.cordobatimes.com\/showup\/wp-content\/uploads\/2019\/02\/Nombre2-3-350x420.jpg 350w\" sizes=\"auto, (max-width: 466px) 100vw, 466px\" \/><\/p>\n<p><img alt=\"\" loading=\"lazy\" decoding=\"async\" class=\"alignnone size-full wp-image-61889\" src=\"https:\/\/www.cordobatimes.com\/showup\/wp-content\/uploads\/2019\/02\/Nombre3-3.jpg\" alt=\"\" width=\"576\" height=\"382\" \/><\/p>\n<p><img alt=\"\" loading=\"lazy\" decoding=\"async\" class=\"alignnone size-full wp-image-61890\" src=\"https:\/\/www.cordobatimes.com\/showup\/wp-content\/uploads\/2019\/02\/Nombre4-2.jpg\" alt=\"\" width=\"586\" height=\"370\" \/><\/p>\n<p><img alt=\"\" loading=\"lazy\" decoding=\"async\" class=\"alignnone size-full wp-image-61891\" src=\"https:\/\/www.cordobatimes.com\/showup\/wp-content\/uploads\/2019\/02\/Nombre-20.jpg\" alt=\"\" width=\"458\" height=\"566\" srcset=\"https:\/\/www.cordobatimes.com\/showup\/wp-content\/uploads\/2019\/02\/Nombre-20.jpg 458w, https:\/\/www.cordobatimes.com\/showup\/wp-content\/uploads\/2019\/02\/Nombre-20-340x420.jpg 340w, https:\/\/www.cordobatimes.com\/showup\/wp-content\/uploads\/2019\/02\/Nombre-20-324x400.jpg 324w\" sizes=\"auto, (max-width: 458px) 100vw, 458px\" \/><\/p>\n","protected":false},"excerpt":{"rendered":"<p>La cantante y actriz protagoniz\u00f3 una producci\u00f3n de fotos para la reconocida revista internacional Vogue.\u00a0 A los 27 a\u00f1os, Lali Esp\u00f3sito es una de las contadas artistas argentinas con mayor proyecci\u00f3n internacional. La joven actriz y cantante protagoniza la tapa de la \u00faltima edici\u00f3n de Vogue Latinoam\u00e9rica, y habl\u00f3 de su vida, su carrera y [&hellip;]<\/p>\n","protected":false},"author":1,"featured_media":61886,"comment_status":"closed","ping_status":"closed","sticky":false,"template":"","format":"standard","meta":{"_seopress_robots_primary_cat":"","_seopress_titles_title":"","_seopress_titles_desc":"","_seopress_robots_index":"","footnotes":""},"categories":[4],"tags":[1327,23148,22799,23147],"class_list":{"0":"post-61885","1":"post","2":"type-post","3":"status-publish","4":"format-standard","5":"has-post-thumbnail","7":"category-famosos","8":"tag-lali-esposito","9":"tag-lali-esposito-en-revista-vogue","10":"tag-notas-de-lali-esposito","11":"tag-revista-internacional-vogue"},"_links":{"self":[{"href":"https:\/\/www.cordobatimes.com\/showup\/wp-json\/wp\/v2\/posts\/61885","targetHints":{"allow":["GET"]}}],"collection":[{"href":"https:\/\/www.cordobatimes.com\/showup\/wp-json\/wp\/v2\/posts"}],"about":[{"href":"https:\/\/www.cordobatimes.com\/showup\/wp-json\/wp\/v2\/types\/post"}],"author":[{"embeddable":true,"href":"https:\/\/www.cordobatimes.com\/showup\/wp-json\/wp\/v2\/users\/1"}],"replies":[{"embeddable":true,"href":"https:\/\/www.cordobatimes.com\/showup\/wp-json\/wp\/v2\/comments?post=61885"}],"version-history":[{"count":0,"href":"https:\/\/www.cordobatimes.com\/showup\/wp-json\/wp\/v2\/posts\/61885\/revisions"}],"wp:featuredmedia":[{"embeddable":true,"href":"https:\/\/www.cordobatimes.com\/showup\/wp-json\/wp\/v2\/media\/61886"}],"wp:attachment":[{"href":"https:\/\/www.cordobatimes.com\/showup\/wp-json\/wp\/v2\/media?parent=61885"}],"wp:term":[{"taxonomy":"category","embeddable":true,"href":"https:\/\/www.cordobatimes.com\/showup\/wp-json\/wp\/v2\/categories?post=61885"},{"taxonomy":"post_tag","embeddable":true,"href":"https:\/\/www.cordobatimes.com\/showup\/wp-json\/wp\/v2\/tags?post=61885"}],"curies":[{"name":"wp","href":"https:\/\/api.w.org\/{rel}","templated":true}]}}