{"id":61873,"date":"2019-02-28T10:46:02","date_gmt":"2019-02-28T13:46:02","guid":{"rendered":"https:\/\/www.cordobatimes.com\/showup\/?p=61873"},"modified":"2019-02-28T10:46:02","modified_gmt":"2019-02-28T13:46:02","slug":"las-series-de-disney-estaran-conectadas-con-el-cine-de-marvel","status":"publish","type":"post","link":"https:\/\/www.cordobatimes.com\/showup\/tv\/2019\/02\/28\/las-series-de-disney-estaran-conectadas-con-el-cine-de-marvel\/","title":{"rendered":"Las series de Disney+  estar\u00e1n conectadas con el  cine de Marvel"},"content":{"rendered":"<p><strong>El presidente de Marvel Studios confirm\u00f3 que, a diferencia de las series canceladas por Netflix, las nuevas series que se transmitir\u00e1n en Disney + estar\u00e1n vinculadas con el MCU<\/strong><\/p>\n<p>Tras muchas especulaciones, por fin se supo que las nuevas series de Marvel que producir\u00e1 Disney+ s\u00ed tendr\u00e1n una conexi\u00f3n con el Marvel Cinematic Universe, algo que muchos fans ped\u00edan a gritos.<\/p>\n<p>La nueva plataforma de streaming de Disney quiere arrancar con todo apenas se estrene a finales de a\u00f1o, por ello ha comenzado a trabajar en varias producciones que tienen como protagonistas a personajes que estaban dentro del mundo de Marvel.<\/p>\n<p>Los h\u00e9roes y villanos que se conoce con certeza tendr\u00e1n sus propias series son:<\/p>\n<ul>\n<li>Loki<\/li>\n<li>Scarlet Witch y Vision<\/li>\n<li>Bucky y Falcon<\/li>\n<\/ul>\n<p>Seg\u00fan se comenta, los mismos actores que han encarnado los papeles en el MCU repetir\u00e1n sus roles en las series, por lo que los fan\u00e1ticos no tendr\u00e1n que acostumbrarse a nuevos int\u00e9rpretes. Parte de esta decisi\u00f3n es que estar\u00e1n dentro de un mismo universo, seg\u00fan coment\u00f3 Kevin Feige, presidente de Marvel Studios a ComicBook: \u201cLas producciones estar\u00e1n totalmente entrelazadas tanto con el MCU actual, el MCU pasado, como con el MCU futuro\u201d.<\/p>\n<p>La explicaci\u00f3n, que lleg\u00f3 durante la gira promocional de Captain Marvel, dej\u00f3 en claro que todos los sucesos se unir\u00e1n, hecho que no hab\u00eda sucedido con Daredevil, Jessica Jones, Luke Cage e Iron Fist.<\/p>\n<p>Y aunque muchos quisieran saber el porqu\u00e9 de lo anterior y qu\u00e9 m\u00e1s pasar\u00e1 con Marvel dentro de Disney+, Feige no quiso argumentar m\u00e1s, pues dijo que no dar\u00e1 a conocer otros detalles al respecto hasta que se estrene Avengers: Endgame y Spider-Man: Far from home.<\/p>\n<p>Es as\u00ed como ciertas dudas se resolvieron, pero m\u00e1s salieron al aire y aunque quisi\u00e9ramos obtener la respuesta de inmediato, tendremos que esperar varios meses para que sea as\u00ed.<\/p>\n","protected":false},"excerpt":{"rendered":"<p>El presidente de Marvel Studios confirm\u00f3 que, a diferencia de las series canceladas por Netflix, las nuevas series que se transmitir\u00e1n en Disney + estar\u00e1n vinculadas con el MCU Tras muchas especulaciones, por fin se supo que las nuevas series de Marvel que producir\u00e1 Disney+ s\u00ed tendr\u00e1n una conexi\u00f3n con el Marvel Cinematic Universe, algo [&hellip;]<\/p>\n","protected":false},"author":1,"featured_media":61874,"comment_status":"closed","ping_status":"closed","sticky":false,"template":"","format":"standard","meta":{"_seopress_robots_primary_cat":"","_seopress_titles_title":"","_seopress_titles_desc":"","_seopress_robots_index":"","footnotes":""},"categories":[2],"tags":[313,2767,16451,3882,23142],"class_list":{"0":"post-61873","1":"post","2":"type-post","3":"status-publish","4":"format-standard","5":"has-post-thumbnail","7":"category-tv","8":"tag-disney","9":"tag-marvel","10":"tag-marvel-studios","11":"tag-netflix","12":"tag-series-de-disney"},"_links":{"self":[{"href":"https:\/\/www.cordobatimes.com\/showup\/wp-json\/wp\/v2\/posts\/61873","targetHints":{"allow":["GET"]}}],"collection":[{"href":"https:\/\/www.cordobatimes.com\/showup\/wp-json\/wp\/v2\/posts"}],"about":[{"href":"https:\/\/www.cordobatimes.com\/showup\/wp-json\/wp\/v2\/types\/post"}],"author":[{"embeddable":true,"href":"https:\/\/www.cordobatimes.com\/showup\/wp-json\/wp\/v2\/users\/1"}],"replies":[{"embeddable":true,"href":"https:\/\/www.cordobatimes.com\/showup\/wp-json\/wp\/v2\/comments?post=61873"}],"version-history":[{"count":0,"href":"https:\/\/www.cordobatimes.com\/showup\/wp-json\/wp\/v2\/posts\/61873\/revisions"}],"wp:featuredmedia":[{"embeddable":true,"href":"https:\/\/www.cordobatimes.com\/showup\/wp-json\/wp\/v2\/media\/61874"}],"wp:attachment":[{"href":"https:\/\/www.cordobatimes.com\/showup\/wp-json\/wp\/v2\/media?parent=61873"}],"wp:term":[{"taxonomy":"category","embeddable":true,"href":"https:\/\/www.cordobatimes.com\/showup\/wp-json\/wp\/v2\/categories?post=61873"},{"taxonomy":"post_tag","embeddable":true,"href":"https:\/\/www.cordobatimes.com\/showup\/wp-json\/wp\/v2\/tags?post=61873"}],"curies":[{"name":"wp","href":"https:\/\/api.w.org\/{rel}","templated":true}]}}