{"id":61849,"date":"2019-02-27T13:00:39","date_gmt":"2019-02-27T16:00:39","guid":{"rendered":"https:\/\/www.cordobatimes.com\/showup\/?p=61849"},"modified":"2019-02-27T19:46:28","modified_gmt":"2019-02-27T22:46:28","slug":"emotivo-desfile-con-disenos-de-lagerfeld","status":"publish","type":"post","link":"https:\/\/www.cordobatimes.com\/showup\/moda-y-estilos\/2019\/02\/27\/emotivo-desfile-con-disenos-de-lagerfeld\/","title":{"rendered":"Emotivo desfile con dise\u00f1os de Lagerfeld"},"content":{"rendered":"<h3><strong>La firma italiana present\u00f3 la \u00faltima l\u00ednea dise\u00f1ada por Karl Lagerfeld. Innovaci\u00f3n en dise\u00f1o, mezcla de texturas y g\u00e9neros, con una paleta de colores cl\u00e1sica fueron parte del show.<\/strong><\/h3>\n<p>Gigi Hadid fue una de las encargadas de cerrar el desfile de Fendi, el \u00faltimo show que tuvo un gran homenaje a Karl. La top model luci\u00f3 un dise\u00f1o en organza amarillo a la rodilla. Debajo un catsuit de cuello polera\u00a0 con las nuevas siglas de Fendi dise\u00f1adas por Lagerfeld y mini bag<\/p>\n<p><img alt=\"\" loading=\"lazy\" decoding=\"async\" class=\"size-full wp-image-61851\" src=\"https:\/\/www.cordobatimes.com\/showup\/wp-content\/uploads\/2019\/02\/Fendi-Karl-Lagerfeld-2.jpg\" alt=\"\" width=\"1920\" height=\"2880\" srcset=\"https:\/\/www.cordobatimes.com\/showup\/wp-content\/uploads\/2019\/02\/Fendi-Karl-Lagerfeld-2.jpg 1920w, https:\/\/www.cordobatimes.com\/showup\/wp-content\/uploads\/2019\/02\/Fendi-Karl-Lagerfeld-2-280x420.jpg 280w, https:\/\/www.cordobatimes.com\/showup\/wp-content\/uploads\/2019\/02\/Fendi-Karl-Lagerfeld-2-768x1152.jpg 768w, https:\/\/www.cordobatimes.com\/showup\/wp-content\/uploads\/2019\/02\/Fendi-Karl-Lagerfeld-2-683x1024.jpg 683w, https:\/\/www.cordobatimes.com\/showup\/wp-content\/uploads\/2019\/02\/Fendi-Karl-Lagerfeld-2-696x1044.jpg 696w, https:\/\/www.cordobatimes.com\/showup\/wp-content\/uploads\/2019\/02\/Fendi-Karl-Lagerfeld-2-1068x1602.jpg 1068w\" sizes=\"auto, (max-width: 1920px) 100vw, 1920px\" \/><\/p>\n<p>&nbsp;<\/p>\n<p>Kaia Gerber, otra musa de Lagerfeld, desfil\u00f3 con sobretodo bicolor beige y chocolate. Stilettos de pcv con piedras preciosas y un cl\u00e1sico bolso de Fendi<\/p>\n<p><img alt=\"\" loading=\"lazy\" decoding=\"async\" class=\"size-full wp-image-61852\" src=\"https:\/\/www.cordobatimes.com\/showup\/wp-content\/uploads\/2019\/02\/AP_19052467850223.jpg\" alt=\"\" width=\"1920\" height=\"2880\" srcset=\"https:\/\/www.cordobatimes.com\/showup\/wp-content\/uploads\/2019\/02\/AP_19052467850223.jpg 1920w, https:\/\/www.cordobatimes.com\/showup\/wp-content\/uploads\/2019\/02\/AP_19052467850223-280x420.jpg 280w, https:\/\/www.cordobatimes.com\/showup\/wp-content\/uploads\/2019\/02\/AP_19052467850223-768x1152.jpg 768w, https:\/\/www.cordobatimes.com\/showup\/wp-content\/uploads\/2019\/02\/AP_19052467850223-683x1024.jpg 683w, https:\/\/www.cordobatimes.com\/showup\/wp-content\/uploads\/2019\/02\/AP_19052467850223-696x1044.jpg 696w, https:\/\/www.cordobatimes.com\/showup\/wp-content\/uploads\/2019\/02\/AP_19052467850223-1068x1602.jpg 1068w\" sizes=\"auto, (max-width: 1920px) 100vw, 1920px\" \/><\/p>\n<p>&nbsp;<\/p>\n<p>La top model Bella Hadid tambi\u00e9n se hizo presente en la pasarela de Fendi. Luci\u00f3 un vestido de organza en beige plisado con corte en la cintura, hombreras y cuello polera. El look se complet\u00f3 con bucaneras a la rodilla en cuero blanco y casquete de piel con visera. Como accesorio, un bolso tramado en ocre.<\/p>\n<p><img alt=\"\" loading=\"lazy\" decoding=\"async\" class=\"size-full wp-image-61853\" src=\"https:\/\/www.cordobatimes.com\/showup\/wp-content\/uploads\/2019\/02\/Fendi-Karl-Lagerfeld-4.jpg\" alt=\"\" width=\"1920\" height=\"2880\" srcset=\"https:\/\/www.cordobatimes.com\/showup\/wp-content\/uploads\/2019\/02\/Fendi-Karl-Lagerfeld-4.jpg 1920w, https:\/\/www.cordobatimes.com\/showup\/wp-content\/uploads\/2019\/02\/Fendi-Karl-Lagerfeld-4-280x420.jpg 280w, https:\/\/www.cordobatimes.com\/showup\/wp-content\/uploads\/2019\/02\/Fendi-Karl-Lagerfeld-4-768x1152.jpg 768w, https:\/\/www.cordobatimes.com\/showup\/wp-content\/uploads\/2019\/02\/Fendi-Karl-Lagerfeld-4-683x1024.jpg 683w, https:\/\/www.cordobatimes.com\/showup\/wp-content\/uploads\/2019\/02\/Fendi-Karl-Lagerfeld-4-696x1044.jpg 696w, https:\/\/www.cordobatimes.com\/showup\/wp-content\/uploads\/2019\/02\/Fendi-Karl-Lagerfeld-4-1068x1602.jpg 1068w\" sizes=\"auto, (max-width: 1920px) 100vw, 1920px\" \/><\/p>\n<p>&nbsp;<\/p>\n<p>Adut Akech luci\u00f3 un little black dress\u00a0con sello Fendi. Catsuit polera debajo y por encima un vestidito negro con mangas de red. Una \u00faltima versi\u00f3n del LBD de Lagerfeld<\/p>\n<p><img alt=\"\" loading=\"lazy\" decoding=\"async\" class=\"size-full wp-image-61854\" src=\"https:\/\/www.cordobatimes.com\/showup\/wp-content\/uploads\/2019\/02\/Desfile-Fendi-1.jpg\" alt=\"\" width=\"1920\" height=\"2783\" srcset=\"https:\/\/www.cordobatimes.com\/showup\/wp-content\/uploads\/2019\/02\/Desfile-Fendi-1.jpg 1920w, https:\/\/www.cordobatimes.com\/showup\/wp-content\/uploads\/2019\/02\/Desfile-Fendi-1-290x420.jpg 290w, https:\/\/www.cordobatimes.com\/showup\/wp-content\/uploads\/2019\/02\/Desfile-Fendi-1-768x1113.jpg 768w, https:\/\/www.cordobatimes.com\/showup\/wp-content\/uploads\/2019\/02\/Desfile-Fendi-1-706x1024.jpg 706w, https:\/\/www.cordobatimes.com\/showup\/wp-content\/uploads\/2019\/02\/Desfile-Fendi-1-696x1009.jpg 696w, https:\/\/www.cordobatimes.com\/showup\/wp-content\/uploads\/2019\/02\/Desfile-Fendi-1-1068x1548.jpg 1068w\" sizes=\"auto, (max-width: 1920px) 100vw, 1920px\" \/><\/p>\n<p>&nbsp;<\/p>\n<p>Maxi pantalones sastreros de tiro alto y chaquetas oversized para combatir el fr\u00edo del invierno con combinaci\u00f3n de g\u00e9neros y texturas<\/p>\n<p><img alt=\"\" loading=\"lazy\" decoding=\"async\" class=\"size-full wp-image-61855\" src=\"https:\/\/www.cordobatimes.com\/showup\/wp-content\/uploads\/2019\/02\/Desfile-Fendi-2.jpg\" alt=\"\" width=\"1920\" height=\"2880\" srcset=\"https:\/\/www.cordobatimes.com\/showup\/wp-content\/uploads\/2019\/02\/Desfile-Fendi-2.jpg 1920w, https:\/\/www.cordobatimes.com\/showup\/wp-content\/uploads\/2019\/02\/Desfile-Fendi-2-280x420.jpg 280w, https:\/\/www.cordobatimes.com\/showup\/wp-content\/uploads\/2019\/02\/Desfile-Fendi-2-768x1152.jpg 768w, https:\/\/www.cordobatimes.com\/showup\/wp-content\/uploads\/2019\/02\/Desfile-Fendi-2-683x1024.jpg 683w, https:\/\/www.cordobatimes.com\/showup\/wp-content\/uploads\/2019\/02\/Desfile-Fendi-2-696x1044.jpg 696w, https:\/\/www.cordobatimes.com\/showup\/wp-content\/uploads\/2019\/02\/Desfile-Fendi-2-1068x1602.jpg 1068w\" sizes=\"auto, (max-width: 1920px) 100vw, 1920px\" \/><\/p>\n<p>&nbsp;<\/p>\n<p>Camisas y faldas, un cl\u00e1sico que nunca falta en los elegantes desfiles de Fendi<\/p>\n<p><img alt=\"\" loading=\"lazy\" decoding=\"async\" class=\"size-full wp-image-61856\" src=\"https:\/\/www.cordobatimes.com\/showup\/wp-content\/uploads\/2019\/02\/verde.jpg\" alt=\"\" width=\"1920\" height=\"2756\" srcset=\"https:\/\/www.cordobatimes.com\/showup\/wp-content\/uploads\/2019\/02\/verde.jpg 1920w, https:\/\/www.cordobatimes.com\/showup\/wp-content\/uploads\/2019\/02\/verde-293x420.jpg 293w, https:\/\/www.cordobatimes.com\/showup\/wp-content\/uploads\/2019\/02\/verde-768x1102.jpg 768w, https:\/\/www.cordobatimes.com\/showup\/wp-content\/uploads\/2019\/02\/verde-713x1024.jpg 713w, https:\/\/www.cordobatimes.com\/showup\/wp-content\/uploads\/2019\/02\/verde-696x999.jpg 696w, https:\/\/www.cordobatimes.com\/showup\/wp-content\/uploads\/2019\/02\/verde-1068x1533.jpg 1068w\" sizes=\"auto, (max-width: 1920px) 100vw, 1920px\" \/><\/p>\n<p>&nbsp;<\/p>\n<p>El vinilo, una tendencia que se hizo presente en toda la colecci\u00f3n de Fendi y se vio reflejada en faldas, calzado, marroquiner\u00eda, tapados y sacos.<\/p>\n<p><img alt=\"\" loading=\"lazy\" decoding=\"async\" class=\"size-full wp-image-61857\" src=\"https:\/\/www.cordobatimes.com\/showup\/wp-content\/uploads\/2019\/02\/amarillo.jpg\" alt=\"\" width=\"1920\" height=\"2880\" srcset=\"https:\/\/www.cordobatimes.com\/showup\/wp-content\/uploads\/2019\/02\/amarillo.jpg 1920w, https:\/\/www.cordobatimes.com\/showup\/wp-content\/uploads\/2019\/02\/amarillo-280x420.jpg 280w, https:\/\/www.cordobatimes.com\/showup\/wp-content\/uploads\/2019\/02\/amarillo-768x1152.jpg 768w, https:\/\/www.cordobatimes.com\/showup\/wp-content\/uploads\/2019\/02\/amarillo-683x1024.jpg 683w, https:\/\/www.cordobatimes.com\/showup\/wp-content\/uploads\/2019\/02\/amarillo-696x1044.jpg 696w, https:\/\/www.cordobatimes.com\/showup\/wp-content\/uploads\/2019\/02\/amarillo-1068x1602.jpg 1068w\" sizes=\"auto, (max-width: 1920px) 100vw, 1920px\" \/><\/p>\n<p>&nbsp;<\/p>\n<p>Los pilotos, impermeables y trenches no faltaron en la pasarela de Fendi en Mil\u00e1n Fashion Week<\/p>\n<p><img alt=\"\" loading=\"lazy\" decoding=\"async\" class=\"size-full wp-image-61858\" src=\"https:\/\/www.cordobatimes.com\/showup\/wp-content\/uploads\/2019\/02\/blanco.jpg\" alt=\"\" width=\"1920\" height=\"3375\" srcset=\"https:\/\/www.cordobatimes.com\/showup\/wp-content\/uploads\/2019\/02\/blanco.jpg 1920w, https:\/\/www.cordobatimes.com\/showup\/wp-content\/uploads\/2019\/02\/blanco-239x420.jpg 239w, https:\/\/www.cordobatimes.com\/showup\/wp-content\/uploads\/2019\/02\/blanco-768x1350.jpg 768w, https:\/\/www.cordobatimes.com\/showup\/wp-content\/uploads\/2019\/02\/blanco-583x1024.jpg 583w, https:\/\/www.cordobatimes.com\/showup\/wp-content\/uploads\/2019\/02\/blanco-696x1223.jpg 696w, https:\/\/www.cordobatimes.com\/showup\/wp-content\/uploads\/2019\/02\/blanco-1068x1877.jpg 1068w\" sizes=\"auto, (max-width: 1920px) 100vw, 1920px\" \/><\/p>\n<p>&nbsp;<\/p>\n<p>Fendi innova con la creaci\u00f3n de nuevos textiles. Present\u00f3 un piloto\/trench con maxi botones y solapas calado de corte l\u00e1ser en blanco. En sus pies, stilettos acharolados y soquetes negros con el nuevo print del logo Fendi.<\/p>\n<p><iframe loading=\"lazy\" src=\"https:\/\/www.youtube.com\/embed\/7JU2EvEkKCQ\" width=\"560\" height=\"315\" frameborder=\"0\" allowfullscreen=\"allowfullscreen\"><\/iframe><\/p>\n","protected":false},"excerpt":{"rendered":"<p>La firma italiana present\u00f3 la \u00faltima l\u00ednea dise\u00f1ada por Karl Lagerfeld. Innovaci\u00f3n en dise\u00f1o, mezcla de texturas y g\u00e9neros, con una paleta de colores cl\u00e1sica fueron parte del show. Gigi Hadid fue una de las encargadas de cerrar el desfile de Fendi, el \u00faltimo show que tuvo un gran homenaje a Karl. La top model [&hellip;]<\/p>\n","protected":false},"author":1,"featured_media":61850,"comment_status":"closed","ping_status":"closed","sticky":false,"template":"","format":"standard","meta":{"_seopress_robots_primary_cat":"","_seopress_titles_title":"","_seopress_titles_desc":"","_seopress_robots_index":"","footnotes":""},"categories":[228],"tags":[23133,22465,23134,23135,12474],"class_list":{"0":"post-61849","1":"post","2":"type-post","3":"status-publish","4":"format-standard","5":"has-post-thumbnail","7":"category-moda-y-estilos","8":"tag-disenos-de-lagerfeld","9":"tag-fendi","10":"tag-gigi-hadid","11":"tag-kaia-gerber","12":"tag-karl-lagerfeld"},"_links":{"self":[{"href":"https:\/\/www.cordobatimes.com\/showup\/wp-json\/wp\/v2\/posts\/61849","targetHints":{"allow":["GET"]}}],"collection":[{"href":"https:\/\/www.cordobatimes.com\/showup\/wp-json\/wp\/v2\/posts"}],"about":[{"href":"https:\/\/www.cordobatimes.com\/showup\/wp-json\/wp\/v2\/types\/post"}],"author":[{"embeddable":true,"href":"https:\/\/www.cordobatimes.com\/showup\/wp-json\/wp\/v2\/users\/1"}],"replies":[{"embeddable":true,"href":"https:\/\/www.cordobatimes.com\/showup\/wp-json\/wp\/v2\/comments?post=61849"}],"version-history":[{"count":0,"href":"https:\/\/www.cordobatimes.com\/showup\/wp-json\/wp\/v2\/posts\/61849\/revisions"}],"wp:featuredmedia":[{"embeddable":true,"href":"https:\/\/www.cordobatimes.com\/showup\/wp-json\/wp\/v2\/media\/61850"}],"wp:attachment":[{"href":"https:\/\/www.cordobatimes.com\/showup\/wp-json\/wp\/v2\/media?parent=61849"}],"wp:term":[{"taxonomy":"category","embeddable":true,"href":"https:\/\/www.cordobatimes.com\/showup\/wp-json\/wp\/v2\/categories?post=61849"},{"taxonomy":"post_tag","embeddable":true,"href":"https:\/\/www.cordobatimes.com\/showup\/wp-json\/wp\/v2\/tags?post=61849"}],"curies":[{"name":"wp","href":"https:\/\/api.w.org\/{rel}","templated":true}]}}