{"id":61774,"date":"2019-02-25T11:06:44","date_gmt":"2019-02-25T14:06:44","guid":{"rendered":"https:\/\/www.cordobatimes.com\/showup\/?p=61774"},"modified":"2019-02-25T11:06:44","modified_gmt":"2019-02-25T14:06:44","slug":"el-espectacular-show-de-queen-en-la-apertura-de-la-ceremonia","status":"publish","type":"post","link":"https:\/\/www.cordobatimes.com\/showup\/cine-y-series\/2019\/02\/25\/el-espectacular-show-de-queen-en-la-apertura-de-la-ceremonia\/","title":{"rendered":"El espectacular show de Queen en la apertura de la ceremonia"},"content":{"rendered":"<h3><strong>Con\u00a0Adam Lambert\u00a0en el lugar de\u00a0Freedie Mercury, la m\u00edtica banda toc\u00f3 sus hits e hizo emocionar a todos.<\/strong><\/h3>\n<p>&nbsp;<\/p>\n<p>Una noche especial se vivi\u00f3 en los premios Oscar 2019 con la presentaci\u00f3n en vivo de Queen, en el marco de las nominaciones que tiene Bohemian Rhapsody, la biopic de la banda brit\u00e1nica. Brian May y Roger Taylor, integrantes originales de la agrupaci\u00f3n, se unieron a Adam Lambert, en lugar de Freddie Mercury, y realizaron un emotivo show de apertura que conmovi\u00f3 a todo el Dolby Theatre y a los millones de espectadores en el inicio de la transmisi\u00f3n.<\/p>\n<p>El grupo interpret\u00f3 We will rock you y We are the champions haciendo que todo el teatro se ponga de pie para ovacionarlos. La imagen del m\u00edtico lider de la banda apareci\u00f3 en las pantallas hacia el final de la presentaci\u00f3n. Un conmovedor y potente homenaje a la banda que m\u00e1rco a m\u00e1s de una generaci\u00f3n.<\/p>\n<p><iframe loading=\"lazy\" src=\"https:\/\/www.youtube.com\/embed\/0BXsoERXZBc\" width=\"560\" height=\"315\" frameborder=\"0\" allowfullscreen=\"allowfullscreen\"><\/iframe><\/p>\n","protected":false},"excerpt":{"rendered":"<p>Con\u00a0Adam Lambert\u00a0en el lugar de\u00a0Freedie Mercury, la m\u00edtica banda toc\u00f3 sus hits e hizo emocionar a todos. &nbsp; Una noche especial se vivi\u00f3 en los premios Oscar 2019 con la presentaci\u00f3n en vivo de Queen, en el marco de las nominaciones que tiene Bohemian Rhapsody, la biopic de la banda brit\u00e1nica. Brian May y Roger [&hellip;]<\/p>\n","protected":false},"author":1,"featured_media":61775,"comment_status":"closed","ping_status":"closed","sticky":false,"template":"","format":"standard","meta":{"_seopress_robots_primary_cat":"","_seopress_titles_title":"","_seopress_titles_desc":"","_seopress_robots_index":"","footnotes":""},"categories":[3],"tags":[4954,6990,23106,23068,1243,14093,23077],"class_list":{"0":"post-61774","1":"post","2":"type-post","3":"status-publish","4":"format-standard","5":"has-post-thumbnail","7":"category-cine-y-series","8":"tag-adam-lambert","9":"tag-brian-may","10":"tag-freedie-mercury","11":"tag-oscar-2019","12":"tag-queen","13":"tag-roger-taylor","14":"tag-show-de-queen"},"_links":{"self":[{"href":"https:\/\/www.cordobatimes.com\/showup\/wp-json\/wp\/v2\/posts\/61774","targetHints":{"allow":["GET"]}}],"collection":[{"href":"https:\/\/www.cordobatimes.com\/showup\/wp-json\/wp\/v2\/posts"}],"about":[{"href":"https:\/\/www.cordobatimes.com\/showup\/wp-json\/wp\/v2\/types\/post"}],"author":[{"embeddable":true,"href":"https:\/\/www.cordobatimes.com\/showup\/wp-json\/wp\/v2\/users\/1"}],"replies":[{"embeddable":true,"href":"https:\/\/www.cordobatimes.com\/showup\/wp-json\/wp\/v2\/comments?post=61774"}],"version-history":[{"count":0,"href":"https:\/\/www.cordobatimes.com\/showup\/wp-json\/wp\/v2\/posts\/61774\/revisions"}],"wp:featuredmedia":[{"embeddable":true,"href":"https:\/\/www.cordobatimes.com\/showup\/wp-json\/wp\/v2\/media\/61775"}],"wp:attachment":[{"href":"https:\/\/www.cordobatimes.com\/showup\/wp-json\/wp\/v2\/media?parent=61774"}],"wp:term":[{"taxonomy":"category","embeddable":true,"href":"https:\/\/www.cordobatimes.com\/showup\/wp-json\/wp\/v2\/categories?post=61774"},{"taxonomy":"post_tag","embeddable":true,"href":"https:\/\/www.cordobatimes.com\/showup\/wp-json\/wp\/v2\/tags?post=61774"}],"curies":[{"name":"wp","href":"https:\/\/api.w.org\/{rel}","templated":true}]}}