{"id":61768,"date":"2019-02-25T09:47:00","date_gmt":"2019-02-25T12:47:00","guid":{"rendered":"https:\/\/www.cordobatimes.com\/showup\/?p=61768"},"modified":"2019-02-25T09:47:00","modified_gmt":"2019-02-25T12:47:00","slug":"roma-gano-como-mejor-pelicula-extranjera-en-los-oscar-2019","status":"publish","type":"post","link":"https:\/\/www.cordobatimes.com\/showup\/cine-y-series\/2019\/02\/25\/roma-gano-como-mejor-pelicula-extranjera-en-los-oscar-2019\/","title":{"rendered":"Roma gan\u00f3 como Mejor Pel\u00edcula Extranjera en los Oscar 2019"},"content":{"rendered":"<h3><strong>El director mexicano agradeci\u00f3 el premio que se llev\u00f3 su cinta y se refiri\u00f3 a la influencia del cine fuera de Hollywood.<\/strong><\/h3>\n<p>En una noche que tiene a Roma como gran candidata de los premios Oscar 2019, Alfonso Cuar\u00f3n subi\u00f3 al escenario para agradecer el galard\u00f3n a Mejor Pel\u00edcula en habla no inglesa que se llev\u00f3 su cinta en representaci\u00f3n de M\u00e9xico.<\/p>\n<p>\u201cYo crec\u00ed viendo pel\u00edculas extranjeras y aprend\u00ed mucho de ellas como El ciudadano, Tibur\u00f3n, El Padrino\u201d, asegur\u00f3 el director de Roma, que se impuso a Cafarna\u00fan (L\u00edbano), Cold War (Polonia), La sombra del pasado (Alemania) y Un asunto de familia (Jap\u00f3n), y recibi\u00f3 el premio de manos de Javier Bardem.<\/p>\n<p>\u201cClaude Chabrol dijo \u2018no hay olas, s\u00f3lo un oc\u00e9ano\u2019. Las nominadas de este a\u00f1o demuestran que todos somos parte del mismo oc\u00e9ano\u201d, destac\u00f3, sobre la importancia de la industria cinematogr\u00e1fica fuera de Hollywood. \u201cQuiero agradecerle a mi familia, a M\u00e9xico por ser la playa de donde viene esta pel\u00edcula. Y adem\u00e1s quiero agradecer especialmente a Olmo, Bu y Jon\u00e1s por ser la corriente que me mueve. Muchas gracias\u201d, finaliz\u00f3 Cuar\u00f3n, dedic\u00e1ndole la distinci\u00f3n a sus hijos.<\/p>\n<p><iframe loading=\"lazy\" width=\"560\" height=\"315\" src=\"https:\/\/www.youtube.com\/embed\/SRQ1BgCp9xc\" frameborder=\"0\" allow=\"accelerometer; autoplay; encrypted-media; gyroscope; picture-in-picture\" allowfullscreen><\/iframe><\/p>\n","protected":false},"excerpt":{"rendered":"<p>El director mexicano agradeci\u00f3 el premio que se llev\u00f3 su cinta y se refiri\u00f3 a la influencia del cine fuera de Hollywood. En una noche que tiene a Roma como gran candidata de los premios Oscar 2019, Alfonso Cuar\u00f3n subi\u00f3 al escenario para agradecer el galard\u00f3n a Mejor Pel\u00edcula en habla no inglesa que se [&hellip;]<\/p>\n","protected":false},"author":1,"featured_media":61769,"comment_status":"closed","ping_status":"closed","sticky":false,"template":"","format":"standard","meta":{"_seopress_robots_primary_cat":"","_seopress_titles_title":"","_seopress_titles_desc":"","_seopress_robots_index":"","footnotes":""},"categories":[3],"tags":[16129,23068,5685,23101],"class_list":{"0":"post-61768","1":"post","2":"type-post","3":"status-publish","4":"format-standard","5":"has-post-thumbnail","7":"category-cine-y-series","8":"tag-mejor-pelicula-extranjera","9":"tag-oscar-2019","10":"tag-roma","11":"tag-roma-gano-como-mejor-pelicula-extranjera"},"_links":{"self":[{"href":"https:\/\/www.cordobatimes.com\/showup\/wp-json\/wp\/v2\/posts\/61768","targetHints":{"allow":["GET"]}}],"collection":[{"href":"https:\/\/www.cordobatimes.com\/showup\/wp-json\/wp\/v2\/posts"}],"about":[{"href":"https:\/\/www.cordobatimes.com\/showup\/wp-json\/wp\/v2\/types\/post"}],"author":[{"embeddable":true,"href":"https:\/\/www.cordobatimes.com\/showup\/wp-json\/wp\/v2\/users\/1"}],"replies":[{"embeddable":true,"href":"https:\/\/www.cordobatimes.com\/showup\/wp-json\/wp\/v2\/comments?post=61768"}],"version-history":[{"count":0,"href":"https:\/\/www.cordobatimes.com\/showup\/wp-json\/wp\/v2\/posts\/61768\/revisions"}],"wp:featuredmedia":[{"embeddable":true,"href":"https:\/\/www.cordobatimes.com\/showup\/wp-json\/wp\/v2\/media\/61769"}],"wp:attachment":[{"href":"https:\/\/www.cordobatimes.com\/showup\/wp-json\/wp\/v2\/media?parent=61768"}],"wp:term":[{"taxonomy":"category","embeddable":true,"href":"https:\/\/www.cordobatimes.com\/showup\/wp-json\/wp\/v2\/categories?post=61768"},{"taxonomy":"post_tag","embeddable":true,"href":"https:\/\/www.cordobatimes.com\/showup\/wp-json\/wp\/v2\/tags?post=61768"}],"curies":[{"name":"wp","href":"https:\/\/api.w.org\/{rel}","templated":true}]}}