{"id":61651,"date":"2019-02-20T11:50:47","date_gmt":"2019-02-20T14:50:47","guid":{"rendered":"https:\/\/www.cordobatimes.com\/showup\/?p=61651"},"modified":"2019-02-22T22:09:03","modified_gmt":"2019-02-23T01:09:03","slug":"un-video-de-una-fan-que-emociono-a-axel","status":"publish","type":"post","link":"https:\/\/www.cordobatimes.com\/showup\/musica\/2019\/02\/20\/un-video-de-una-fan-que-emociono-a-axel\/","title":{"rendered":"Un video  de una fan que emocion\u00f3 a Axel"},"content":{"rendered":"<h3><strong>El cantante coment\u00f3 a trav\u00e9s de Twitter el video de una fan que lo emocion\u00f3. <\/strong><\/h3>\n<p>Seguramente me mate cuando vea que sub\u00ed esto, pero hoy es su cumple y junto a las chicas y su familia le compramos una entrada para que pueda ir a ver al hombre que la hace feliz d\u00eda a d\u00eda: Axel. Esta fue su reacci\u00f3n. Nos encanta verte feliz milonga\u201d, escribi\u00f3 en Twitter Carola, una de las personas involucradas en la sorpresa, y arrob\u00f3 al cantante en el mensaje.<br \/>\nAxel vio el video y no tard\u00f3 en responder. \u201cGracias Dios, universo, cosmos, o lo que sea, por esa conexi\u00f3n que me une con la gente, que es tan profunda, tan sincera, \u00a1tan real! Mili gracias por emocionarte y emocionarme tanto con este v\u00eddeo, \u00a1espero conocerte en persona y darnos un fuerte abrazo!\u201d, escribi\u00f3 el cantante en la red social del pajarito, y su respuesta probablemente haya provocado nuevas l\u00e1grimas de emoci\u00f3n en la fan.<\/p>\n<blockquote class=\"twitter-tweet\" data-lang=\"es\">\n<p lang=\"es\" dir=\"ltr\">GRACIAS Dios, universo, Cosmos, o lo q sea x esa conexi\u00f3n q me une c la gente, q es tan profunda, tan sincera, tan real!!!<a href=\"https:\/\/twitter.com\/MILY1915?ref_src=twsrc%5Etfw\">@MILY1915<\/a> GRACIAS x emocionarte y emocionarme tanto c este v\u00eddeo, espero conocerte en persona y darnos un fuerte abrazo!!! <a href=\"https:\/\/t.co\/LNhkG1V8KY\">https:\/\/t.co\/LNhkG1V8KY<\/a><\/p>\n<p>&mdash; Axel (@AxelOficial) <a href=\"https:\/\/twitter.com\/AxelOficial\/status\/1098196608741711872?ref_src=twsrc%5Etfw\">20 de febrero de 2019<\/a><\/p><\/blockquote>\n<p><script async src=\"https:\/\/platform.twitter.com\/widgets.js\" charset=\"utf-8\"><\/script><\/p>\n","protected":false},"excerpt":{"rendered":"<p>El cantante coment\u00f3 a trav\u00e9s de Twitter el video de una fan que lo emocion\u00f3. Seguramente me mate cuando vea que sub\u00ed esto, pero hoy es su cumple y junto a las chicas y su familia le compramos una entrada para que pueda ir a ver al hombre que la hace feliz d\u00eda a d\u00eda: [&hellip;]<\/p>\n","protected":false},"author":1,"featured_media":61652,"comment_status":"closed","ping_status":"closed","sticky":false,"template":"","format":"standard","meta":{"_seopress_robots_primary_cat":"","_seopress_titles_title":"","_seopress_titles_desc":"","_seopress_robots_index":"","footnotes":""},"categories":[5],"tags":[731,15911,23040,21422],"class_list":{"0":"post-61651","1":"post","2":"type-post","3":"status-publish","4":"format-standard","5":"has-post-thumbnail","7":"category-musica","8":"tag-axel","9":"tag-fan","10":"tag-fan-de-axel","11":"tag-show-de-axel"},"_links":{"self":[{"href":"https:\/\/www.cordobatimes.com\/showup\/wp-json\/wp\/v2\/posts\/61651","targetHints":{"allow":["GET"]}}],"collection":[{"href":"https:\/\/www.cordobatimes.com\/showup\/wp-json\/wp\/v2\/posts"}],"about":[{"href":"https:\/\/www.cordobatimes.com\/showup\/wp-json\/wp\/v2\/types\/post"}],"author":[{"embeddable":true,"href":"https:\/\/www.cordobatimes.com\/showup\/wp-json\/wp\/v2\/users\/1"}],"replies":[{"embeddable":true,"href":"https:\/\/www.cordobatimes.com\/showup\/wp-json\/wp\/v2\/comments?post=61651"}],"version-history":[{"count":0,"href":"https:\/\/www.cordobatimes.com\/showup\/wp-json\/wp\/v2\/posts\/61651\/revisions"}],"wp:featuredmedia":[{"embeddable":true,"href":"https:\/\/www.cordobatimes.com\/showup\/wp-json\/wp\/v2\/media\/61652"}],"wp:attachment":[{"href":"https:\/\/www.cordobatimes.com\/showup\/wp-json\/wp\/v2\/media?parent=61651"}],"wp:term":[{"taxonomy":"category","embeddable":true,"href":"https:\/\/www.cordobatimes.com\/showup\/wp-json\/wp\/v2\/categories?post=61651"},{"taxonomy":"post_tag","embeddable":true,"href":"https:\/\/www.cordobatimes.com\/showup\/wp-json\/wp\/v2\/tags?post=61651"}],"curies":[{"name":"wp","href":"https:\/\/api.w.org\/{rel}","templated":true}]}}