{"id":61645,"date":"2019-02-20T11:14:36","date_gmt":"2019-02-20T14:14:36","guid":{"rendered":"https:\/\/www.cordobatimes.com\/showup\/?p=61645"},"modified":"2019-02-23T11:11:40","modified_gmt":"2019-02-23T14:11:40","slug":"las-imagenes-de-rodrigo-de-la-serna-en-la-grabacion-de-la-nueva-temporada-de-la-casa-de-papel","status":"publish","type":"post","link":"https:\/\/www.cordobatimes.com\/showup\/cine-y-series\/2019\/02\/20\/las-imagenes-de-rodrigo-de-la-serna-en-la-grabacion-de-la-nueva-temporada-de-la-casa-de-papel\/","title":{"rendered":"Las im\u00e1genes de Rodrigo de la Serna en la grabaci\u00f3n de la nueva temporada de \u00abLa casa de papel\u00bb"},"content":{"rendered":"<h3><strong>El actor formar\u00e1 parte de la exitosa serie de Netflix. Seg\u00fan trascendi\u00f3, interpretar\u00e1 el rol del \u00abingeniero\u00bb.<\/strong><\/h3>\n<p>Es uno de los actores m\u00e1s prestigiosos a nivel nacional, y ahora Rodrigo de la Serna lleva su talento fronteras afuera, ya que est\u00e1 grabando la nueva temporada de La casa de papel, la ficci\u00f3n suceso de Netflix que revolucion\u00f3 la pantalla chica el a\u00f1o pasado.<\/p>\n<p><img alt=\"\" loading=\"lazy\" decoding=\"async\" class=\"alignnone size-full wp-image-61647\" src=\"https:\/\/www.cordobatimes.com\/showup\/wp-content\/uploads\/2019\/02\/12.jpg\" alt=\"\" width=\"703\" height=\"450\" srcset=\"https:\/\/www.cordobatimes.com\/showup\/wp-content\/uploads\/2019\/02\/12.jpg 703w, https:\/\/www.cordobatimes.com\/showup\/wp-content\/uploads\/2019\/02\/12-656x420.jpg 656w, https:\/\/www.cordobatimes.com\/showup\/wp-content\/uploads\/2019\/02\/12-696x446.jpg 696w\" sizes=\"auto, (max-width: 703px) 100vw, 703px\" \/><\/p>\n<p>\u00abVa a ser un personaje fuerte, muy importante. No puedo adelantar nada al respecto. Estoy contento porque es una serie que est\u00e1 muy bien realizada. Es un momento de mi vida en el cual esta vez voy a decir que s\u00ed. Espa\u00f1a es algo m\u00e1s cercano que Hollywood y tengo muchos amigos ah\u00ed\u00bb, expres\u00f3 el reconocido artista antes de comenzar con su participaci\u00f3n en la ficci\u00f3n espa\u00f1ola, en la que ser\u00e1 parte de la tercera y cuarta temporada de la misma.<\/p>\n<p>Y, si bien el propio De la Serna no quiso entrar en detalles acerca de su rol en la serie -seg\u00fan se pudo saber, su personaje ser\u00e1 conocido como el ingeniero-, se pudieron ver algunos fotos que lo muestran en pleno rodaje de este nuevo desaf\u00edo en su carrera junto a algunos de sus c\u00e9lebres compa\u00f1eros de elenco como \u00darsula Corber\u00f3, Jaime Lorente L\u00f3pez y Esther Acebo.<\/p>\n<p><img alt=\"\" loading=\"lazy\" decoding=\"async\" class=\"alignnone size-full wp-image-61648\" src=\"https:\/\/www.cordobatimes.com\/showup\/wp-content\/uploads\/2019\/02\/2521.jpg\" alt=\"\" width=\"697\" height=\"376\" srcset=\"https:\/\/www.cordobatimes.com\/showup\/wp-content\/uploads\/2019\/02\/2521.jpg 697w, https:\/\/www.cordobatimes.com\/showup\/wp-content\/uploads\/2019\/02\/2521-696x376.jpg 696w\" sizes=\"auto, (max-width: 697px) 100vw, 697px\" \/><\/p>\n<p>En las mismas se los puede ver a todos sonrientes y luciendo uniformes militares y chalecos de la guardia civil espa\u00f1ola, lo que de alguna manera anticipa que las pr\u00f3ximas secuelas de la saga mantendr\u00e1n la carga de acci\u00f3n y tensi\u00f3n al por mayor que ya mostr\u00f3 durante las primeras parte.<\/p>\n<p>Vale recordar que, adem\u00e1s del actor tres veces ganador del Mart\u00edn Fierro por Sol negro, Hermanos y detectives, y Lo que el tiempo nos dej\u00f3, la tercera temporada contar\u00e1 con la participaci\u00f3n de Najwa Nimri, una de las grandes protagonistas de Vis a Vis, entre otras tantas figuras.<\/p>\n<p><img alt=\"\" loading=\"lazy\" decoding=\"async\" class=\"alignnone size-full wp-image-61649\" src=\"https:\/\/www.cordobatimes.com\/showup\/wp-content\/uploads\/2019\/02\/6212.jpg\" alt=\"\" width=\"699\" height=\"450\" srcset=\"https:\/\/www.cordobatimes.com\/showup\/wp-content\/uploads\/2019\/02\/6212.jpg 699w, https:\/\/www.cordobatimes.com\/showup\/wp-content\/uploads\/2019\/02\/6212-652x420.jpg 652w, https:\/\/www.cordobatimes.com\/showup\/wp-content\/uploads\/2019\/02\/6212-696x448.jpg 696w\" sizes=\"auto, (max-width: 699px) 100vw, 699px\" \/><\/p>\n<p>Adem\u00e1s, seg\u00fan se pudo saber, en la tercera temporada, que se estrenar\u00e1 este a\u00f1o a trav\u00e9s de Netflix, tras el robo a la Casa de la Moneda la banda liderada por el profesor ir\u00eda por un nuevo y gran objetivo: el Banco de Espa\u00f1a, en plena Plaza de Cibeles madrile\u00f1a.<\/p>\n","protected":false},"excerpt":{"rendered":"<p>El actor formar\u00e1 parte de la exitosa serie de Netflix. Seg\u00fan trascendi\u00f3, interpretar\u00e1 el rol del \u00abingeniero\u00bb. Es uno de los actores m\u00e1s prestigiosos a nivel nacional, y ahora Rodrigo de la Serna lleva su talento fronteras afuera, ya que est\u00e1 grabando la nueva temporada de La casa de papel, la ficci\u00f3n suceso de Netflix [&hellip;]<\/p>\n","protected":false},"author":1,"featured_media":61646,"comment_status":"closed","ping_status":"closed","sticky":false,"template":"","format":"standard","meta":{"_seopress_robots_primary_cat":"","_seopress_titles_title":"","_seopress_titles_desc":"","_seopress_robots_index":"","footnotes":""},"categories":[3],"tags":[23039,21057,23038,3882,23037,11991,19323,21558],"class_list":{"0":"post-61645","1":"post","2":"type-post","3":"status-publish","4":"format-standard","5":"has-post-thumbnail","7":"category-cine-y-series","8":"tag-imagenes-de-rodrigo-de-la-serna","9":"tag-la-casa-de-papel","10":"tag-la-casa-de-papel-3","11":"tag-netflix","12":"tag-nueva-temporada-de-la-casa-de-papel","13":"tag-rodrigo-de-la-serna","14":"tag-serie-de-netflix","15":"tag-tercera-temporada-de-la-casa-de-papel"},"_links":{"self":[{"href":"https:\/\/www.cordobatimes.com\/showup\/wp-json\/wp\/v2\/posts\/61645","targetHints":{"allow":["GET"]}}],"collection":[{"href":"https:\/\/www.cordobatimes.com\/showup\/wp-json\/wp\/v2\/posts"}],"about":[{"href":"https:\/\/www.cordobatimes.com\/showup\/wp-json\/wp\/v2\/types\/post"}],"author":[{"embeddable":true,"href":"https:\/\/www.cordobatimes.com\/showup\/wp-json\/wp\/v2\/users\/1"}],"replies":[{"embeddable":true,"href":"https:\/\/www.cordobatimes.com\/showup\/wp-json\/wp\/v2\/comments?post=61645"}],"version-history":[{"count":0,"href":"https:\/\/www.cordobatimes.com\/showup\/wp-json\/wp\/v2\/posts\/61645\/revisions"}],"wp:featuredmedia":[{"embeddable":true,"href":"https:\/\/www.cordobatimes.com\/showup\/wp-json\/wp\/v2\/media\/61646"}],"wp:attachment":[{"href":"https:\/\/www.cordobatimes.com\/showup\/wp-json\/wp\/v2\/media?parent=61645"}],"wp:term":[{"taxonomy":"category","embeddable":true,"href":"https:\/\/www.cordobatimes.com\/showup\/wp-json\/wp\/v2\/categories?post=61645"},{"taxonomy":"post_tag","embeddable":true,"href":"https:\/\/www.cordobatimes.com\/showup\/wp-json\/wp\/v2\/tags?post=61645"}],"curies":[{"name":"wp","href":"https:\/\/api.w.org\/{rel}","templated":true}]}}