{"id":61621,"date":"2019-02-19T10:46:28","date_gmt":"2019-02-19T13:46:28","guid":{"rendered":"https:\/\/www.cordobatimes.com\/showup\/?p=61621"},"modified":"2019-02-22T22:09:27","modified_gmt":"2019-02-23T01:09:27","slug":"queen-estara-en-ceremonia-de-los-oscar","status":"publish","type":"post","link":"https:\/\/www.cordobatimes.com\/showup\/cine-y-series\/2019\/02\/19\/queen-estara-en-ceremonia-de-los-oscar\/","title":{"rendered":"Queen estar\u00e1 en la ceremonia de los Oscar"},"content":{"rendered":"<h3><strong>Es oficial la Banda planea sacudir el escenario durante la entrega de los premios de la\u00a0Academia\u00a0con sus m\u00e1s grandes \u00e9xitos junto al cantante\u00a0Adam Lambert.<\/strong><\/h3>\n<p>Tras varias idas y vueltas, Queen se presentar\u00e1 en la ceremonia de los Oscar el pr\u00f3ximo domingo en el Dolby Theatre de Los \u00c1ngeles, as\u00ed lo anunci\u00f3 este lunes la Academia.<\/p>\n<p>La participaci\u00f3n de la legendaria banda se produce tras el \u00e9xito de Bohemian Rhapsody, la pel\u00edcula biogr\u00e1fica de Freddie Mercury, que cuenta con cinco nominaciones a los Oscar.<\/p>\n<p>La banda est\u00e1 integrada por el guitarrista Brian May, el baterista Roger Taylor, y Adam Lambert, quien ha ganado elogios de la cr\u00edtica en su papel como l\u00edder del grupo en los \u00faltimos a\u00f1os. El bajista John Deacon no ha actuado con Queen durante muchos a\u00f1os.<\/p>\n<blockquote class=\"twitter-tweet\" data-lang=\"es\">\n<p dir=\"ltr\" lang=\"en\">We will rock The Oscars \ud83d\ude0f<br \/>\nFeb 24th. 5pm PST. <a href=\"https:\/\/twitter.com\/TheAcademy?ref_src=twsrc%5Etfw\">@TheAcademy<\/a> <a href=\"https:\/\/twitter.com\/QueenWillRock?ref_src=twsrc%5Etfw\">@QueenWillRock<\/a> <a href=\"https:\/\/t.co\/BlGkKnhL68\">pic.twitter.com\/BlGkKnhL68<\/a><\/p>\n<p>\u2014 ADAM LAMBERT (@adamlambert) <a href=\"https:\/\/twitter.com\/adamlambert\/status\/1097547171027664896?ref_src=twsrc%5Etfw\">18 de febrero de 2019<\/a><\/p><\/blockquote>\n<p><script async src=\"https:\/\/platform.twitter.com\/widgets.js\" charset=\"utf-8\"><\/script><\/p>\n<blockquote class=\"twitter-tweet\" data-lang=\"es\">\n<p dir=\"ltr\" lang=\"en\">Is this the real life?<br \/>\nIs this just fantasy?<br \/>\nWe welcome <a href=\"https:\/\/twitter.com\/QueenWillRock?ref_src=twsrc%5Etfw\">@QueenWillRock<\/a> and <a href=\"https:\/\/twitter.com\/adamlambert?ref_src=twsrc%5Etfw\">@adamlambert<\/a> to this year&#8217;s <a href=\"https:\/\/twitter.com\/hashtag\/Oscars?src=hash&amp;ref_src=twsrc%5Etfw\">#Oscars<\/a>!<a href=\"https:\/\/t.co\/7uDf42FbjJ\">https:\/\/t.co\/7uDf42FbjJ<\/a><\/p>\n<p>\u2014 The Academy (@TheAcademy) <a href=\"https:\/\/twitter.com\/TheAcademy\/status\/1097543738165882880?ref_src=twsrc%5Etfw\">18 de febrero de 2019<\/a><\/p><\/blockquote>\n<p><script async src=\"https:\/\/platform.twitter.com\/widgets.js\" charset=\"utf-8\"><\/script><\/p>\n<p>Rami Malek (quien interpreta a Mercury) es el favorito para llevarse el Oscar como mejor actor principal frente a Bradley Cooper, Christian Bale, Willem Dafoe y Viggo Mortensen.<\/p>\n<p>La agrupaci\u00f3n brit\u00e1nica hab\u00eda rechazo presentarse en los premios, por el esc\u00e1ndalo en el que est\u00e1 envuelto su director Bryan Singer por acoso sexual a menores de edad.<\/p>\n","protected":false},"excerpt":{"rendered":"<p>Es oficial la Banda planea sacudir el escenario durante la entrega de los premios de la\u00a0Academia\u00a0con sus m\u00e1s grandes \u00e9xitos junto al cantante\u00a0Adam Lambert. Tras varias idas y vueltas, Queen se presentar\u00e1 en la ceremonia de los Oscar el pr\u00f3ximo domingo en el Dolby Theatre de Los \u00c1ngeles, as\u00ed lo anunci\u00f3 este lunes la Academia. [&hellip;]<\/p>\n","protected":false},"author":1,"featured_media":61622,"comment_status":"closed","ping_status":"closed","sticky":false,"template":"","format":"standard","meta":{"_seopress_robots_primary_cat":"","_seopress_titles_title":"","_seopress_titles_desc":"","_seopress_robots_index":"","footnotes":""},"categories":[3],"tags":[4954,18135,6990,23022,1242,3598,2526,23023,1243,18187,14093],"class_list":{"0":"post-61621","1":"post","2":"type-post","3":"status-publish","4":"format-standard","5":"has-post-thumbnail","7":"category-cine-y-series","8":"tag-adam-lambert","9":"tag-bohemian-rhapsody","10":"tag-brian-may","11":"tag-dolby-theatre","12":"tag-freddie-mercury","13":"tag-oscars","14":"tag-premios-oscar","15":"tag-premios-oscars-2019","16":"tag-queen","17":"tag-rami-malek","18":"tag-roger-taylor"},"_links":{"self":[{"href":"https:\/\/www.cordobatimes.com\/showup\/wp-json\/wp\/v2\/posts\/61621","targetHints":{"allow":["GET"]}}],"collection":[{"href":"https:\/\/www.cordobatimes.com\/showup\/wp-json\/wp\/v2\/posts"}],"about":[{"href":"https:\/\/www.cordobatimes.com\/showup\/wp-json\/wp\/v2\/types\/post"}],"author":[{"embeddable":true,"href":"https:\/\/www.cordobatimes.com\/showup\/wp-json\/wp\/v2\/users\/1"}],"replies":[{"embeddable":true,"href":"https:\/\/www.cordobatimes.com\/showup\/wp-json\/wp\/v2\/comments?post=61621"}],"version-history":[{"count":0,"href":"https:\/\/www.cordobatimes.com\/showup\/wp-json\/wp\/v2\/posts\/61621\/revisions"}],"wp:featuredmedia":[{"embeddable":true,"href":"https:\/\/www.cordobatimes.com\/showup\/wp-json\/wp\/v2\/media\/61622"}],"wp:attachment":[{"href":"https:\/\/www.cordobatimes.com\/showup\/wp-json\/wp\/v2\/media?parent=61621"}],"wp:term":[{"taxonomy":"category","embeddable":true,"href":"https:\/\/www.cordobatimes.com\/showup\/wp-json\/wp\/v2\/categories?post=61621"},{"taxonomy":"post_tag","embeddable":true,"href":"https:\/\/www.cordobatimes.com\/showup\/wp-json\/wp\/v2\/tags?post=61621"}],"curies":[{"name":"wp","href":"https:\/\/api.w.org\/{rel}","templated":true}]}}