{"id":61618,"date":"2019-02-18T19:19:18","date_gmt":"2019-02-18T22:19:18","guid":{"rendered":"https:\/\/www.cordobatimes.com\/showup\/?p=61618"},"modified":"2019-02-22T22:09:57","modified_gmt":"2019-02-23T01:09:57","slug":"comenzo-la-filmacion-de-la-segunda-temporada-de-la-casa-de-las-flores","status":"publish","type":"post","link":"https:\/\/www.cordobatimes.com\/showup\/cine-y-series\/2019\/02\/18\/comenzo-la-filmacion-de-la-segunda-temporada-de-la-casa-de-las-flores\/","title":{"rendered":"Comenz\u00f3 la filmaci\u00f3n de la segunda temporada de \u00abLa casa de las flores\u00bb"},"content":{"rendered":"<h3><strong>La serie de Netflix est\u00e1 en pleno rodaje y se confirm\u00f3 un nuevo fichaje.<\/strong><\/h3>\n<p>El elenco liderado por Cecilia Su\u00e1rez (Paulina de la Mora), Aislinn Derbez (Elena de la Mora), Dar\u00edo Yazbek (Juli\u00e1n de la Mora), Arturo R\u00edos (Ernesto de la Mora), Juan Pablo Medina (Diego), Luis de la Rosa (Bruno) y Paco Le\u00f3n (Mar\u00eda Jos\u00e9) reinici\u00f3 este lunes en Ciudad de M\u00e9xico el rodaje de La casa de las flores. La producci\u00f3n hab\u00eda comenzado a principios de febrero en Espa\u00f1a.<\/p>\n<p>En la segunda temporada se une al elenco de la serie creada por Manolo Caro la actriz Mariana Trevi\u00f1o (Club de Cuervos), en el papel de Jenny Quetzal, una peculiar impartidora de \u201ccursos\u201d capaz de cambiar la vida (e incluso de hacer renacer) a aquel que se cruce en su camino.<\/p>\n<p>\u201cRegresar a filmar La casa de las flores en M\u00e9xico me llena de emoci\u00f3n. Nos enfrentamos a una temporada m\u00e1s hilarante y atrevida. Tener a Mariana Trevi\u00f1o en el elenco es para m\u00ed la analog\u00eda perfecta; el regreso a casa, a trabajar con mi familia profesional\u201d, comparti\u00f3 Manolo Caro, creador de la serie.<\/p>\n<p>Por su parte, Mariana Trevi\u00f1o a\u00f1adi\u00f3: \u201cSiempre ser\u00e1 un placer trabajar con Manolo, a quien adoro y admiro. Me encantar\u00e1 ser parte de ese universo hiperquin\u00e9tico y genial. Siempre juntos y en complicidad.\u201d<\/p>\n<p>Al reparto tambi\u00e9n se incorporar\u00e1n Mar\u00eda Le\u00f3n, Eduardo Rosa, Loreto Peralta, Flavio Medina, Anabel Ferreira y contar\u00e1 con la actuaci\u00f3n especial de Eduardo Casanova.<\/p>\n","protected":false},"excerpt":{"rendered":"<p>La serie de Netflix est\u00e1 en pleno rodaje y se confirm\u00f3 un nuevo fichaje. El elenco liderado por Cecilia Su\u00e1rez (Paulina de la Mora), Aislinn Derbez (Elena de la Mora), Dar\u00edo Yazbek (Juli\u00e1n de la Mora), Arturo R\u00edos (Ernesto de la Mora), Juan Pablo Medina (Diego), Luis de la Rosa (Bruno) y Paco Le\u00f3n (Mar\u00eda [&hellip;]<\/p>\n","protected":false},"author":1,"featured_media":61619,"comment_status":"closed","ping_status":"closed","sticky":false,"template":"","format":"standard","meta":{"_seopress_robots_primary_cat":"","_seopress_titles_title":"","_seopress_titles_desc":"","_seopress_robots_index":"","footnotes":""},"categories":[3],"tags":[23020,18237,3882,23021,23019,19323],"class_list":{"0":"post-61618","1":"post","2":"type-post","3":"status-publish","4":"format-standard","5":"has-post-thumbnail","7":"category-cine-y-series","8":"tag-cecilia-suarez","9":"tag-la-casa-de-las-flores","10":"tag-netflix","11":"tag-paulina-de-la-mora","12":"tag-segunda-temporada-de-la-casa-de-las-flores","13":"tag-serie-de-netflix"},"_links":{"self":[{"href":"https:\/\/www.cordobatimes.com\/showup\/wp-json\/wp\/v2\/posts\/61618","targetHints":{"allow":["GET"]}}],"collection":[{"href":"https:\/\/www.cordobatimes.com\/showup\/wp-json\/wp\/v2\/posts"}],"about":[{"href":"https:\/\/www.cordobatimes.com\/showup\/wp-json\/wp\/v2\/types\/post"}],"author":[{"embeddable":true,"href":"https:\/\/www.cordobatimes.com\/showup\/wp-json\/wp\/v2\/users\/1"}],"replies":[{"embeddable":true,"href":"https:\/\/www.cordobatimes.com\/showup\/wp-json\/wp\/v2\/comments?post=61618"}],"version-history":[{"count":0,"href":"https:\/\/www.cordobatimes.com\/showup\/wp-json\/wp\/v2\/posts\/61618\/revisions"}],"wp:featuredmedia":[{"embeddable":true,"href":"https:\/\/www.cordobatimes.com\/showup\/wp-json\/wp\/v2\/media\/61619"}],"wp:attachment":[{"href":"https:\/\/www.cordobatimes.com\/showup\/wp-json\/wp\/v2\/media?parent=61618"}],"wp:term":[{"taxonomy":"category","embeddable":true,"href":"https:\/\/www.cordobatimes.com\/showup\/wp-json\/wp\/v2\/categories?post=61618"},{"taxonomy":"post_tag","embeddable":true,"href":"https:\/\/www.cordobatimes.com\/showup\/wp-json\/wp\/v2\/tags?post=61618"}],"curies":[{"name":"wp","href":"https:\/\/api.w.org\/{rel}","templated":true}]}}