{"id":61585,"date":"2019-02-17T11:06:44","date_gmt":"2019-02-17T14:06:44","guid":{"rendered":"https:\/\/www.cordobatimes.com\/showup\/?p=61585"},"modified":"2019-02-22T22:10:48","modified_gmt":"2019-02-23T01:10:48","slug":"shawn-mendes-es-la-nueva-imagen-de-calvin-klein","status":"publish","type":"post","link":"https:\/\/www.cordobatimes.com\/showup\/moda-y-estilos\/2019\/02\/17\/shawn-mendes-es-la-nueva-imagen-de-calvin-klein\/","title":{"rendered":"Shawn Mendes es la nueva imagen de Calvin Klein"},"content":{"rendered":"<p><strong>Por primera vez, el joven cantante que salt\u00f3 a la fama gracias a sus videos en la desaparecida red social Vine, se mostr\u00f3 ante sus fans usando solo ropa interior\u00a0Calvin\u00a0Klein.<\/strong><\/p>\n<p>El\u00a0cantante canadiense ha causado gran furor entre sus miles de seguidores.\u00a0Es la primera vez que el joven int\u00e9rprete de 20 a\u00f1os de edad, se muestra en ropa interior.<\/p>\n<p>Las im\u00e1genes que public\u00f3\u00a0Shawn Mendes\u00a0y que forman parte de la nueva campa\u00f1a de\u00a0Calvin\u00a0Klein, en un par de horas obtuvieron\u00a0m\u00e1s de 4 millones de likes en Instagram. \u00abLa campa\u00f1a que viene esta semana\u00bb, expres\u00f3 el cantante en su post.<\/p>\n<blockquote class=\"twitter-tweet\" data-lang=\"es\">\n<p dir=\"ltr\" lang=\"en\">.<a href=\"https:\/\/twitter.com\/CalvinKlein?ref_src=twsrc%5Etfw\">@CalvinKlein<\/a> <a href=\"https:\/\/twitter.com\/hashtag\/MyCalvins?src=hash&amp;ref_src=twsrc%5Etfw\">#MyCalvins<\/a>. Campaign coming this week. <a href=\"https:\/\/t.co\/durcpJlzYh\">pic.twitter.com\/durcpJlzYh<\/a><\/p>\n<p>\u2014 Shawn Mendes (@ShawnMendes) <a href=\"https:\/\/twitter.com\/ShawnMendes\/status\/1096896249347928065?ref_src=twsrc%5Etfw\">16 de febrero de 2019<\/a><\/p><\/blockquote>\n<p><script async src=\"https:\/\/platform.twitter.com\/widgets.js\" charset=\"utf-8\"><\/script><\/p>\n<blockquote class=\"instagram-media\" style=\"background: #FFF; border: 0; border-radius: 3px; box-shadow: 0 0 1px 0 rgba(0,0,0,0.5),0 1px 10px 0 rgba(0,0,0,0.15); margin: 1px; max-width: 540px; min-width: 326px; padding: 0; width: calc(100% - 2px);\" data-instgrm-captioned=\"\" data-instgrm-permalink=\"https:\/\/www.instagram.com\/p\/Bt9X-m5ni6d\/?utm_source=ig_embed&amp;utm_medium=loading\" data-instgrm-version=\"12\">\n<div style=\"padding: 16px;\">\n<p>&nbsp;<\/p>\n<div style=\"display: flex; flex-direction: row; align-items: center;\">\n<div style=\"background-color: #f4f4f4; border-radius: 50%; flex-grow: 0; height: 40px; margin-right: 14px; width: 40px;\"><\/div>\n<div style=\"display: flex; flex-direction: column; flex-grow: 1; justify-content: center;\">\n<div style=\"background-color: #f4f4f4; border-radius: 4px; flex-grow: 0; height: 14px; margin-bottom: 6px; width: 100px;\"><\/div>\n<div style=\"background-color: #f4f4f4; border-radius: 4px; flex-grow: 0; height: 14px; width: 60px;\"><\/div>\n<\/div>\n<\/div>\n<div style=\"padding: 19% 0;\"><\/div>\n<div style=\"display: block; height: 50px; margin: 0 auto 12px; width: 50px;\"><\/div>\n<div style=\"padding-top: 8px;\">\n<div style=\"color: #3897f0; font-family: Arial,sans-serif; font-size: 14px; font-style: normal; font-weight: 550; line-height: 18px;\">Ver esta publicaci\u00f3n en Instagram<\/div>\n<\/div>\n<div style=\"padding: 12.5% 0;\"><\/div>\n<div style=\"display: flex; flex-direction: row; margin-bottom: 14px; align-items: center;\">\n<div>\n<div style=\"background-color: #f4f4f4; border-radius: 50%; height: 12.5px; width: 12.5px; transform: translateX(0px) translateY(7px);\"><\/div>\n<div style=\"background-color: #f4f4f4; height: 12.5px; transform: rotate(-45deg) translateX(3px) translateY(1px); width: 12.5px; flex-grow: 0; margin-right: 14px; margin-left: 2px;\"><\/div>\n<div style=\"background-color: #f4f4f4; border-radius: 50%; height: 12.5px; width: 12.5px; transform: translateX(9px) translateY(-18px);\"><\/div>\n<\/div>\n<div style=\"margin-left: 8px;\">\n<div style=\"background-color: #f4f4f4; border-radius: 50%; flex-grow: 0; height: 20px; width: 20px;\"><\/div>\n<div style=\"width: 0; height: 0; border-top: 2px solid transparent; border-left: 6px solid #f4f4f4; border-bottom: 2px solid transparent; transform: translateX(16px) translateY(-4px) rotate(30deg);\"><\/div>\n<\/div>\n<div style=\"margin-left: auto;\">\n<div style=\"width: 0px; border-top: 8px solid #F4F4F4; border-right: 8px solid transparent; transform: translateY(16px);\"><\/div>\n<div style=\"background-color: #f4f4f4; flex-grow: 0; height: 12px; width: 16px; transform: translateY(-4px);\"><\/div>\n<div style=\"width: 0; height: 0; border-top: 8px solid #F4F4F4; border-left: 8px solid transparent; transform: translateY(-4px) translateX(8px);\"><\/div>\n<\/div>\n<\/div>\n<p>&nbsp;<\/p>\n<p style=\"margin: 8px 0 0 0; padding: 0 4px;\"><a style=\"color: #000; font-family: Arial,sans-serif; font-size: 14px; font-style: normal; font-weight: normal; line-height: 17px; text-decoration: none; word-wrap: break-word;\" href=\"https:\/\/www.instagram.com\/p\/Bt9X-m5ni6d\/?utm_source=ig_embed&amp;utm_medium=loading\" target=\"_blank\" rel=\"noopener\">@CalvinKlein #MyCalvins. Campaign coming this week.<\/a><\/p>\n<p style=\"color: #c9c8cd; font-family: Arial,sans-serif; font-size: 14px; line-height: 17px; margin-bottom: 0; margin-top: 8px; overflow: hidden; padding: 8px 0 7px; text-align: center; text-overflow: ellipsis; white-space: nowrap;\">Una publicaci\u00f3n compartida de <a style=\"color: #c9c8cd; font-family: Arial,sans-serif; font-size: 14px; font-style: normal; font-weight: normal; line-height: 17px;\" href=\"https:\/\/www.instagram.com\/shawnmendes\/?utm_source=ig_embed&amp;utm_medium=loading\" target=\"_blank\" rel=\"noopener\"> Shawn Mendes<\/a> (@shawnmendes) el <time style=\"font-family: Arial,sans-serif; font-size: 14px; line-height: 17px;\" datetime=\"2019-02-16T22:12:11+00:00\">16 Feb, 2019 a las 2:12 PST<\/time><\/p>\n<\/div>\n<\/blockquote>\n<p><script async src=\"\/\/www.instagram.com\/embed.js\"><\/script><\/p>\n<p>El lanzamiento de la campa\u00f1a de Calvin Klein que protagoniza Shawn Mendes ser\u00e1 lanzada la pr\u00f3xima semana, sin embargo, usuarios de redes sociales filtraron las sensuales im\u00e1genes del cantante que vieron en las pantallas de una se las sucursales de la marca. Ante esto, la casa de modas estadounidense y el cantante tuvieron que mostrar un adelanto.<\/p>\n<p>Asimismo en video, el cantante aparece abroch\u00e1ndose el pantal\u00f3n y sale de una habitaci\u00f3n donde est\u00e1 una mujer tambi\u00e9n en ropa interior.<\/p>\n<p><iframe loading=\"lazy\" src=\"https:\/\/www.youtube.com\/embed\/vDE9MWvGNaw\" width=\"560\" height=\"315\" frameborder=\"0\" allowfullscreen=\"allowfullscreen\"><\/iframe><\/p>\n","protected":false},"excerpt":{"rendered":"<p>Por primera vez, el joven cantante que salt\u00f3 a la fama gracias a sus videos en la desaparecida red social Vine, se mostr\u00f3 ante sus fans usando solo ropa interior\u00a0Calvin\u00a0Klein. El\u00a0cantante canadiense ha causado gran furor entre sus miles de seguidores.\u00a0Es la primera vez que el joven int\u00e9rprete de 20 a\u00f1os de edad, se muestra [&hellip;]<\/p>\n","protected":false},"author":1,"featured_media":61586,"comment_status":"closed","ping_status":"closed","sticky":false,"template":"","format":"standard","meta":{"_seopress_robots_primary_cat":"","_seopress_titles_title":"","_seopress_titles_desc":"","_seopress_robots_index":"","footnotes":""},"categories":[228],"tags":[12424,23008,23007,23006],"class_list":{"0":"post-61585","1":"post","2":"type-post","3":"status-publish","4":"format-standard","5":"has-post-thumbnail","7":"category-moda-y-estilos","8":"tag-calvin-klein","9":"tag-red-social-vine","10":"tag-shawn-mendes","11":"tag-shawn-mendes-es-la-nueva-imagen-de-calvin-klein"},"_links":{"self":[{"href":"https:\/\/www.cordobatimes.com\/showup\/wp-json\/wp\/v2\/posts\/61585","targetHints":{"allow":["GET"]}}],"collection":[{"href":"https:\/\/www.cordobatimes.com\/showup\/wp-json\/wp\/v2\/posts"}],"about":[{"href":"https:\/\/www.cordobatimes.com\/showup\/wp-json\/wp\/v2\/types\/post"}],"author":[{"embeddable":true,"href":"https:\/\/www.cordobatimes.com\/showup\/wp-json\/wp\/v2\/users\/1"}],"replies":[{"embeddable":true,"href":"https:\/\/www.cordobatimes.com\/showup\/wp-json\/wp\/v2\/comments?post=61585"}],"version-history":[{"count":0,"href":"https:\/\/www.cordobatimes.com\/showup\/wp-json\/wp\/v2\/posts\/61585\/revisions"}],"wp:featuredmedia":[{"embeddable":true,"href":"https:\/\/www.cordobatimes.com\/showup\/wp-json\/wp\/v2\/media\/61586"}],"wp:attachment":[{"href":"https:\/\/www.cordobatimes.com\/showup\/wp-json\/wp\/v2\/media?parent=61585"}],"wp:term":[{"taxonomy":"category","embeddable":true,"href":"https:\/\/www.cordobatimes.com\/showup\/wp-json\/wp\/v2\/categories?post=61585"},{"taxonomy":"post_tag","embeddable":true,"href":"https:\/\/www.cordobatimes.com\/showup\/wp-json\/wp\/v2\/tags?post=61585"}],"curies":[{"name":"wp","href":"https:\/\/api.w.org\/{rel}","templated":true}]}}