{"id":61579,"date":"2019-02-17T09:33:30","date_gmt":"2019-02-17T12:33:30","guid":{"rendered":"https:\/\/www.cordobatimes.com\/showup\/?p=61579"},"modified":"2019-02-19T23:29:15","modified_gmt":"2019-02-20T02:29:15","slug":"se-retraso-el-estreno-de-rapido-y-furioso-9","status":"publish","type":"post","link":"https:\/\/www.cordobatimes.com\/showup\/cine-y-series\/2019\/02\/17\/se-retraso-el-estreno-de-rapido-y-furioso-9\/","title":{"rendered":"Se retras\u00f3 el estreno de \u00abR\u00e1pido y furioso 9\u00bb"},"content":{"rendered":"<h3><strong>La franquicia le agreg\u00f3 unas semanas de espera m\u00e1s a los fan\u00e1ticos de la velocidad.<\/strong><\/h3>\n<p>El estudio Universal Pictures ha trasladado \u00abR\u00e1pido y furioso 9\u00bb seis semanas atr\u00e1s, del 10 de abril al 22 de mayo de 2020. Es el segundo retroceso del t\u00edtulo. En 2017, Universal retras\u00f3 la pel\u00edcula un a\u00f1o, del 19 de abril de 2019 al 10 de abril de 2020. Ambas fechas coinciden con el fin de semana de Pascua.<\/p>\n<p>La medida, anunciada el viernes, deja para el 10 de abril de 2020 el estreno de la pel\u00edcula a\u00fan sin t\u00edtulo. En su nueva fecha, \u00abFast and Furious 9\u00bb tendr\u00e1 que enfrentarse a otros tanques cinematogr\u00e1ficos como ser \u00abGodzilla vs. Kong\u00bb de Warner Bros.\/Legendary y \u00abThe Spongebob Movie\u00bb de Paramount, la tercera pel\u00edcula de Bob Esponja en la pantalla grande.<\/p>\n<p>La octava pel\u00edcula de la franquicia, \u00abThe Fate of the Furious\u00bb (\u00abEl destino de los furiosos\u00bb, conocida en Latinoam\u00e9rica simplemente como \u00abR\u00e1pido y furioso 8\u00bb), asombr\u00f3 a Hollywood en 2017, recaudando m\u00e1s 1200 millones de d\u00f3lares en todo el mundo. Fue dirigida por F. Gary Gray y protagonizada por Vin Diesel, Dwayne Johnson, Jason Statham, Michelle Rodriguez, Tyrese Gibson, Chris \u00abLudacris\u00bb Bridges, Scott Eastwood, Nathalie Emmanuel, Elsa Pataky, Kurt Russell y Charlize Theron.<\/p>\n<p>Las ocho pel\u00edculas de la franquicia, lanzadas en 2001, han recaudado colectivamente m\u00e1s de 5.000 millones de d\u00f3lares en todo el mundo. \u00abFurious 7\u00bb, que present\u00f3 la \u00faltima aparici\u00f3n del difunto Paul Walker, es, por ahora, con 1.500 millones de d\u00f3lares en todo el mundo, la cinta que m\u00e1s ha recaudado en taquilla.<\/p>\n<p>El primer t\u00edtulo derivado, \u00abFast &amp; Furious Presents: Hobbs &amp; Shaw\u00bb llega a los cines el 2 de agosto. La pel\u00edcula combina al ex agente del Servicio de Seguridad Diplom\u00e1tica de Estados Unidos de Johnson, Luke Hobbs, y al ex agente de Statham, Deckard Shaw, uniendo fuerzas para enfrentarse al terrorista internacional Brixton de Idris Elba. El primer trailer fue lanzado el 1 de febrero y asombr\u00f3 a los fan\u00e1ticos.<\/p>\n<p><iframe loading=\"lazy\" src=\"https:\/\/www.youtube.com\/embed\/aNXV7xKMDeY\" width=\"560\" height=\"315\" frameborder=\"0\" allowfullscreen=\"allowfullscreen\"><\/iframe><\/p>\n","protected":false},"excerpt":{"rendered":"<p>La franquicia le agreg\u00f3 unas semanas de espera m\u00e1s a los fan\u00e1ticos de la velocidad. El estudio Universal Pictures ha trasladado \u00abR\u00e1pido y furioso 9\u00bb seis semanas atr\u00e1s, del 10 de abril al 22 de mayo de 2020. Es el segundo retroceso del t\u00edtulo. En 2017, Universal retras\u00f3 la pel\u00edcula un a\u00f1o, del 19 de [&hellip;]<\/p>\n","protected":false},"author":1,"featured_media":61580,"comment_status":"closed","ping_status":"closed","sticky":false,"template":"","format":"standard","meta":{"_seopress_robots_primary_cat":"","_seopress_titles_title":"","_seopress_titles_desc":"","_seopress_robots_index":"","footnotes":""},"categories":[3,12967],"tags":[22998,22997,10094,1821],"class_list":{"0":"post-61579","1":"post","2":"type-post","3":"status-publish","4":"format-standard","5":"has-post-thumbnail","7":"category-cine-y-series","8":"category-destacada","9":"tag-fecha-de-estreno-de-rapido-y-furioso-9","10":"tag-rapido-y-furioso-9","11":"tag-universal-pictures","12":"tag-vin-diesel"},"_links":{"self":[{"href":"https:\/\/www.cordobatimes.com\/showup\/wp-json\/wp\/v2\/posts\/61579","targetHints":{"allow":["GET"]}}],"collection":[{"href":"https:\/\/www.cordobatimes.com\/showup\/wp-json\/wp\/v2\/posts"}],"about":[{"href":"https:\/\/www.cordobatimes.com\/showup\/wp-json\/wp\/v2\/types\/post"}],"author":[{"embeddable":true,"href":"https:\/\/www.cordobatimes.com\/showup\/wp-json\/wp\/v2\/users\/1"}],"replies":[{"embeddable":true,"href":"https:\/\/www.cordobatimes.com\/showup\/wp-json\/wp\/v2\/comments?post=61579"}],"version-history":[{"count":0,"href":"https:\/\/www.cordobatimes.com\/showup\/wp-json\/wp\/v2\/posts\/61579\/revisions"}],"wp:featuredmedia":[{"embeddable":true,"href":"https:\/\/www.cordobatimes.com\/showup\/wp-json\/wp\/v2\/media\/61580"}],"wp:attachment":[{"href":"https:\/\/www.cordobatimes.com\/showup\/wp-json\/wp\/v2\/media?parent=61579"}],"wp:term":[{"taxonomy":"category","embeddable":true,"href":"https:\/\/www.cordobatimes.com\/showup\/wp-json\/wp\/v2\/categories?post=61579"},{"taxonomy":"post_tag","embeddable":true,"href":"https:\/\/www.cordobatimes.com\/showup\/wp-json\/wp\/v2\/tags?post=61579"}],"curies":[{"name":"wp","href":"https:\/\/api.w.org\/{rel}","templated":true}]}}