{"id":61558,"date":"2019-02-16T12:01:55","date_gmt":"2019-02-16T15:01:55","guid":{"rendered":"https:\/\/www.cordobatimes.com\/showup\/?p=61558"},"modified":"2019-02-22T22:11:13","modified_gmt":"2019-02-23T01:11:13","slug":"el-descargo-de-calu-rivero-tras-la-escena-de-violacion-en-campanas-en-la-noche","status":"publish","type":"post","link":"https:\/\/www.cordobatimes.com\/showup\/famosos\/2019\/02\/16\/el-descargo-de-calu-rivero-tras-la-escena-de-violacion-en-campanas-en-la-noche\/","title":{"rendered":"El descargo de Calu Rivero tras la escena de violaci\u00f3n en \u00abCampanas en la noche\u00bb"},"content":{"rendered":"<h3><strong>La escena fue muy fuerte y algunos no les gust\u00f3.<\/strong><\/h3>\n<p>Calu Rivero realiz\u00f3 una de sus escenas m\u00e1s fuertes en Campanas en la noche, en la que su personaje es atrapado y violado en un descampado. La misma tuvo muchas repercusiones, tanto positivas como negativas. La actriz se refiri\u00f3 a la misma en las redes sociales.<\/p>\n<p><img alt=\"\" loading=\"lazy\" decoding=\"async\" src=\"https:\/\/www.cordobatimes.com\/showup\/wp-content\/uploads\/2019\/02\/0036115232.jpg\" alt=\"\" width=\"318\" height=\"610\" class=\"alignnone size-full wp-image-61560\" srcset=\"https:\/\/www.cordobatimes.com\/showup\/wp-content\/uploads\/2019\/02\/0036115232.jpg 318w, https:\/\/www.cordobatimes.com\/showup\/wp-content\/uploads\/2019\/02\/0036115232-219x420.jpg 219w\" sizes=\"auto, (max-width: 318px) 100vw, 318px\" \/><\/p>\n<p><img alt=\"\" loading=\"lazy\" decoding=\"async\" src=\"https:\/\/www.cordobatimes.com\/showup\/wp-content\/uploads\/2019\/02\/0036115234.jpg\" alt=\"\" width=\"340\" height=\"610\" class=\"alignnone size-full wp-image-61561\" srcset=\"https:\/\/www.cordobatimes.com\/showup\/wp-content\/uploads\/2019\/02\/0036115234.jpg 340w, https:\/\/www.cordobatimes.com\/showup\/wp-content\/uploads\/2019\/02\/0036115234-234x420.jpg 234w\" sizes=\"auto, (max-width: 340px) 100vw, 340px\" \/><\/p>\n","protected":false},"excerpt":{"rendered":"<p>La escena fue muy fuerte y algunos no les gust\u00f3. Calu Rivero realiz\u00f3 una de sus escenas m\u00e1s fuertes en Campanas en la noche, en la que su personaje es atrapado y violado en un descampado. La misma tuvo muchas repercusiones, tanto positivas como negativas. La actriz se refiri\u00f3 a la misma en las redes [&hellip;]<\/p>\n","protected":false},"author":1,"featured_media":61559,"comment_status":"closed","ping_status":"closed","sticky":false,"template":"","format":"standard","meta":{"_seopress_robots_primary_cat":"","_seopress_titles_title":"","_seopress_titles_desc":"","_seopress_robots_index":"","footnotes":""},"categories":[4],"tags":[447,22968,22991,17682,22992,11507,22993],"class_list":{"0":"post-61558","1":"post","2":"type-post","3":"status-publish","4":"format-standard","5":"has-post-thumbnail","7":"category-famosos","8":"tag-calu-rivero","9":"tag-campanas-en-la-noche","10":"tag-descargo-de-calu-rivero","11":"tag-escena-de-violacion","12":"tag-escena-de-violacion-en-campanas-en-la-noche","13":"tag-violacion","14":"tag-violacion-en-campanas-en-la-noche"},"_links":{"self":[{"href":"https:\/\/www.cordobatimes.com\/showup\/wp-json\/wp\/v2\/posts\/61558","targetHints":{"allow":["GET"]}}],"collection":[{"href":"https:\/\/www.cordobatimes.com\/showup\/wp-json\/wp\/v2\/posts"}],"about":[{"href":"https:\/\/www.cordobatimes.com\/showup\/wp-json\/wp\/v2\/types\/post"}],"author":[{"embeddable":true,"href":"https:\/\/www.cordobatimes.com\/showup\/wp-json\/wp\/v2\/users\/1"}],"replies":[{"embeddable":true,"href":"https:\/\/www.cordobatimes.com\/showup\/wp-json\/wp\/v2\/comments?post=61558"}],"version-history":[{"count":0,"href":"https:\/\/www.cordobatimes.com\/showup\/wp-json\/wp\/v2\/posts\/61558\/revisions"}],"wp:featuredmedia":[{"embeddable":true,"href":"https:\/\/www.cordobatimes.com\/showup\/wp-json\/wp\/v2\/media\/61559"}],"wp:attachment":[{"href":"https:\/\/www.cordobatimes.com\/showup\/wp-json\/wp\/v2\/media?parent=61558"}],"wp:term":[{"taxonomy":"category","embeddable":true,"href":"https:\/\/www.cordobatimes.com\/showup\/wp-json\/wp\/v2\/categories?post=61558"},{"taxonomy":"post_tag","embeddable":true,"href":"https:\/\/www.cordobatimes.com\/showup\/wp-json\/wp\/v2\/tags?post=61558"}],"curies":[{"name":"wp","href":"https:\/\/api.w.org\/{rel}","templated":true}]}}